{"id":2617,"date":"2014-01-21T11:08:40","date_gmt":"2014-01-21T10:08:40","guid":{"rendered":"http:\/\/www.antifaschistische-linke.de\/?p=2617"},"modified":"2014-01-21T11:08:40","modified_gmt":"2014-01-21T10:08:40","slug":"aufruf-zu-protesten-gegen-die-veranstaltung-mit-bernd-lucke-in-freiburg","status":"publish","type":"post","link":"https:\/\/www.antifaschistische-linke.de\/?p=2617","title":{"rendered":"Aufruf zu Protesten gegen die Veranstaltung mit Bernd Lucke in Freiburg"},"content":{"rendered":"<p><img decoding=\"async\" alt=\"rot\" src=\"http:\/\/www.antifaschistische-linke.de\/Bilder\/roterstern.png\" align=\"left\" \/><em>Dienstag, 21.01.2014<\/em><br \/>\n<strong>Freiburg. <\/strong>Das <a href=\"http:\/\/liz-freiburg.org\/oat\">Offene Antifa Treffen Freiburg &amp; Region [OAT]<\/a> hat einen Aufruf zu Protesten <a href=\"http:\/\/www.antifaschistische-linke.de\/?page_id=8&amp;event=174\">gegen die Veranstaltung der AfD mit Bernd Lucke in Freiburg-Z\u00e4hringen<\/a> verfasst. Treffpunkt zu den Protesten ist am 1.Februar um 14.15 Uhr an der Stra\u00dfenbahn-Haltestelle Hornusstra\u00dfe.<\/p>\n","protected":false},"excerpt":{"rendered":"<p>Dienstag, 21.01.2014 Freiburg. Das Offene Antifa Treffen Freiburg &amp; Region [OAT] hat einen Aufruf zu Protesten gegen die Veranstaltung der AfD mit Bernd Lucke in Freiburg-Z\u00e4hringen verfasst. Treffpunkt zu den Protesten ist am 1.Februar um 14.15 Uhr an der Stra\u00dfenbahn-Haltestelle Hornusstra\u00dfe.<\/p>\n","protected":false},"author":1,"featured_media":0,"comment_status":"closed","ping_status":"closed","sticky":false,"template":"","format":"standard","meta":[],"categories":[3,4],"tags":[176,529,101,13,531,22,20,530,149,352],"_links":{"self":[{"href":"https:\/\/www.antifaschistische-linke.de\/index.php?rest_route=\/wp\/v2\/posts\/2617"}],"collection":[{"href":"https:\/\/www.antifaschistische-linke.de\/index.php?rest_route=\/wp\/v2\/posts"}],"about":[{"href":"https:\/\/www.antifaschistische-linke.de\/index.php?rest_route=\/wp\/v2\/types\/post"}],"author":[{"embeddable":true,"href":"https:\/\/www.antifaschistische-linke.de\/index.php?rest_route=\/wp\/v2\/users\/1"}],"replies":[{"embeddable":true,"href":"https:\/\/www.antifaschistische-linke.de\/index.php?rest_route=%2Fwp%2Fv2%2Fcomments&post=2617"}],"version-history":[{"count":0,"href":"https:\/\/www.antifaschistische-linke.de\/index.php?rest_route=\/wp\/v2\/posts\/2617\/revisions"}],"wp:attachment":[{"href":"https:\/\/www.antifaschistische-linke.de\/index.php?rest_route=%2Fwp%2Fv2%2Fmedia&parent=2617"}],"wp:term":[{"taxonomy":"category","embeddable":true,"href":"https:\/\/www.antifaschistische-linke.de\/index.php?rest_route=%2Fwp%2Fv2%2Fcategories&post=2617"},{"taxonomy":"post_tag","embeddable":true,"href":"https:\/\/www.antifaschistische-linke.de\/index.php?rest_route=%2Fwp%2Fv2%2Ftags&post=2617"}],"curies":[{"name":"wp","href":"https:\/\/api.w.org\/{rel}","templated":true}]}}