{"id":2630,"date":"2014-01-27T15:55:04","date_gmt":"2014-01-27T14:55:04","guid":{"rendered":"http:\/\/www.antifaschistische-linke.de\/?p=2630"},"modified":"2014-01-27T15:55:57","modified_gmt":"2014-01-27T14:55:57","slug":"gemeinsam-am-1-februar-gegen-die-veranstaltung-der-afd-in-freiburg-zaehringen","status":"publish","type":"post","link":"https:\/\/www.antifaschistische-linke.de\/?p=2630","title":{"rendered":"Gemeinsam am 1. Februar gegen die Veranstaltung der &#8222;AfD&#8220; in Freiburg-Z\u00e4hringen!"},"content":{"rendered":"<p><img decoding=\"async\" loading=\"lazy\" class=\"alignleft size-full wp-image-2631\" alt=\"AfD_web\" src=\"http:\/\/www.antifaschistische-linke.de\/wp-content\/uploads\/AfD_web.jpg\" width=\"141\" height=\"200\" \/><strong>+++ Veranstaltung der AfD mit Bernd Lucke im B\u00fcrgerhaus Freiburg-Z\u00e4hringen +++ Aufruf zu Protesten des [OAT] Offenes Antifa Treffen Freiburg &amp; Region +++ Treffpunkt 1.Februar 14.15 Uhr Stra\u00dfenbahnhaltestelle Hornusstra\u00dfe +++<\/strong><\/p>\n<p>Am Samstag, den 1. Februar 2014, ist Bernd Lucke &#8222;zu Gast&#8220; in Freiburg. Wir mobilisieren gemeinsam mit dem OAT Freiburg zu Gegenprotesten.<\/p>\n<p>anstehende Termine:<br \/>\n<strong>28. Januar 2014<\/strong> | 19 Uhr | \u00a1 adelante ! Linkes Zentrum Freiburg (Gl\u00fcmerstr. 2): Offenes Antifa Treffen Freiburg &amp; Region mit den letzten Infos f\u00fcr den 1. Februar<\/p>\n<p><strong>1. Februar 2014<\/strong> | 14:15 Uhr | Stra\u00dfenbahn-Haltestelle Hornusstra\u00dfe: Kundgebung und Proteste vor Ort Achtet auf weitere Ank\u00fcndigungen!<br \/>\n<a href=\"http:\/\/liz-freiburg.org\/oat\">www.liz-freiburg.org\/oat<\/a><\/p>\n<p>Wir wollen hier noch den Aufruf des [OAT] Offenes Antifa Treffen Freiburg &amp; Region dokumentieren:<br \/>\n<strong>Keine Alternative?<\/strong><br \/>\nAm Samstag, 1. Februar 2014 will die neoliberale und rechtspopulistische Partei \u201eAlternative f\u00fcr Deutschland\u201c (AfD) im B\u00fcrgerhaus in Freiburg-Z\u00e4hringen eine Veranstaltung abhalten. Als Redner tritt das marktradikale und neoliberale Flaggschiff der Partei Bernd Lucke auf. Neben seiner Funktion bei der AfD-Gr\u00fcndung und als Mitglied des Vorstandes sind es auch gerade die \u00f6ffentlich inszenierten Reden Luckes, welche f\u00fcr neue W\u00e4hlerstimmen sorgen sollen. Mit seinen neoliberalen und elit\u00e4ren Forderungen vertritt er dabei konsequent die Linie der Partei und steht damit f\u00fcr eine Politik, welche die Gegens\u00e4tze innerhalb der Gesellschaften weiter verst\u00e4rken will, die mit Argwohn und Abscheu \u201enach Unten\u201c blickt und tritt und die unter dem Deckmantel der Euro-Kritik vor allem von einer noch st\u00e4rkeren Machtposition der BRD in der Europ\u00e4ischen Union tr\u00e4umt.<\/p>\n<p><!--more-->Doch nicht nur die neoliberalen Positionen dieser Partei sind hervorzuheben. So distanzierte sich die Parteif\u00fchrung in der Vergangenheit zwar immer wieder medienwirksam von \u201erechtsextremen Positionen\u201c wie zum Beispiel denen der NPD oder DVU. Allerdings ist es nicht zu leugnen, dass ein gro\u00dfer Teil der W\u00e4hler aus entt\u00e4uschten Kreisen am rechten Rand der FDP oder CDU kommen. Mehr noch: Die rechtspopulistische und antimuslimische Kleinstpartei \u201eDie Freiheit\u201c lie\u00df verlauten, ihre Mitglieder sollen geschlossen den Bundestagswahlkampf der AfD unterst\u00fctzen. So verwundert es auch nicht weiter, dass immer mehr Positionen der Partei von ehemaligen Mitgliedern von \u201eDie Freiheit\u201c oder gar der Partei \u201eDie Republikaner\u201c besetzt werden. Jens Eckleben, der ehemalige Landesvorsitzende der \u201eFreiheit\u201c und Gr\u00fcndungsmitglied der Hamburger AfD ist bei weitem kein Einzelfall. Auch weitere Vertreter einschl\u00e4giger Positionen aus Freiburg finden sich im Umfeld der AfD wieder. Neben dem \u201eAlten Herren\u201c Dubravko Mandic der Burschenschaft Saxo-Silesia, welcher nun auch im Schiedsgericht des Landesverbandes Baden-W\u00fcrttemberg f\u00fcr die AfD sitzt, f\u00e4llt v.a. Martina Kempf aus Breisach auf. Neben ihrem reaktion\u00e4ren und christlich fundamentalistischen Engagement f\u00fcr die sog. \u201eLebenssch\u00fctzer\u201c schreibt sie als Autorin f\u00fcr die extrem rechte Zeitung \u201eJunge Freiheit\u201c und scheute sich in der Vergangenheit auch nicht, vor einem Interview mit dem faschistischen Blatt \u201eZuerst\u201c, welches in der M\u00e4rz-Ausgabe 2013 erschien. Die Liste mit Personen, welche offene Sympathien f\u00fcr rechte Positionen haben, lie\u00dfe sich ohne weiteres fortf\u00fchren.<\/p>\n<p>Eine offene Hinwendung zur extremen Rechten hat es in der Partei zwar noch nicht gegeben, allerdings legen die beschreibenen Entwicklungen einen weiteren Schwank nach Rechts nahe. Zudem handelt es sich auch um wahltaktische Entscheidungen, mit Hilfe eigener Programmatik W\u00e4hlerstimmen am rechten Rand abzugraben. Jegliche Distanzierungen zu extrem rechten Parteien wie den Republikanern kann mit Hinblick hierauf getrost als Augenwischerei abgetan werden.<\/p>\n<p>Die \u201eAlternative f\u00fcr Deutschland\u201c ist eine reaktion\u00e4re Partei, deren Rhetorik, Elitendenken und Flanke nach Rechts unserem Verst\u00e4ndnis eines solidarischen Miteinanders entgegensteht. Daher:<\/p>\n<p><strong>Gemeinsam am 1. Februar die Veranstaltung der Rechtspopulisten st\u00f6ren! Keine Alternative! \u2013 F\u00fcr eine solidarische Gesellschaft!<\/strong><\/p>\n<p>Am 1. Februar 2014 wollen wir gemeinsam gegen die Veranstaltung dieser rechtspopulistischen und ekelhaften Partei in Freiburg protestieren! N\u00e4heres hierzu werden wir unter anderem beim n\u00e4chsten Offenen Antifa Treffen am 28. Januar besprechen. Achtet auf weitere Ank\u00fcndigungen! Setzt euch mit uns per Mail in Verbindung, falls ihr mehr Infos wollt und wenn ihr den Aufruf unterst\u00fctzen wollt: oat-fr[\u00e4t]riseup.net<\/p>\n<p>&nbsp;<\/p>\n","protected":false},"excerpt":{"rendered":"<p>+++ Veranstaltung der AfD mit Bernd Lucke im B\u00fcrgerhaus Freiburg-Z\u00e4hringen +++ Aufruf zu Protesten des [OAT] Offenes Antifa Treffen Freiburg &amp; Region +++ Treffpunkt 1.Februar 14.15 Uhr Stra\u00dfenbahnhaltestelle Hornusstra\u00dfe +++ Am Samstag, den 1. Februar 2014, ist Bernd Lucke &#8222;zu Gast&#8220; in Freiburg. Wir mobilisieren gemeinsam mit dem OAT Freiburg zu Gegenprotesten. anstehende Termine: 28. [&hellip;]<\/p>\n","protected":false},"author":1,"featured_media":0,"comment_status":"closed","ping_status":"closed","sticky":false,"template":"","format":"standard","meta":[],"categories":[5,6,4,7],"tags":[176,529,547,28,13,548,20,293,149],"_links":{"self":[{"href":"https:\/\/www.antifaschistische-linke.de\/index.php?rest_route=\/wp\/v2\/posts\/2630"}],"collection":[{"href":"https:\/\/www.antifaschistische-linke.de\/index.php?rest_route=\/wp\/v2\/posts"}],"about":[{"href":"https:\/\/www.antifaschistische-linke.de\/index.php?rest_route=\/wp\/v2\/types\/post"}],"author":[{"embeddable":true,"href":"https:\/\/www.antifaschistische-linke.de\/index.php?rest_route=\/wp\/v2\/users\/1"}],"replies":[{"embeddable":true,"href":"https:\/\/www.antifaschistische-linke.de\/index.php?rest_route=%2Fwp%2Fv2%2Fcomments&post=2630"}],"version-history":[{"count":0,"href":"https:\/\/www.antifaschistische-linke.de\/index.php?rest_route=\/wp\/v2\/posts\/2630\/revisions"}],"wp:attachment":[{"href":"https:\/\/www.antifaschistische-linke.de\/index.php?rest_route=%2Fwp%2Fv2%2Fmedia&parent=2630"}],"wp:term":[{"taxonomy":"category","embeddable":true,"href":"https:\/\/www.antifaschistische-linke.de\/index.php?rest_route=%2Fwp%2Fv2%2Fcategories&post=2630"},{"taxonomy":"post_tag","embeddable":true,"href":"https:\/\/www.antifaschistische-linke.de\/index.php?rest_route=%2Fwp%2Fv2%2Ftags&post=2630"}],"curies":[{"name":"wp","href":"https:\/\/api.w.org\/{rel}","templated":true}]}}