{"id":2656,"date":"2014-01-30T06:20:08","date_gmt":"2014-01-30T05:20:08","guid":{"rendered":"http:\/\/www.antifaschistische-linke.de\/?p=2656"},"modified":"2014-01-29T11:34:07","modified_gmt":"2014-01-29T10:34:07","slug":"soli-demo-mit-dem-kurdischen-aufbruch-in-rojava-am-8-februar-in-stuttgart","status":"publish","type":"post","link":"https:\/\/www.antifaschistische-linke.de\/?p=2656","title":{"rendered":"Soli-Demo mit dem Kurdischen Aufbruch in Rojava am 8.Februar in Stuttgart"},"content":{"rendered":"<p><img decoding=\"async\" alt=\"rot\" src=\"http:\/\/www.antifaschistische-linke.de\/Bilder\/roterstern.png\" align=\"left\" \/><em>Donnerstag, 30.01.2014<\/em><br \/>\n<strong>Stuttgart. <\/strong>Die kur\u00addi\u00adsche Bewe\u00adgung kommt bei der Ver\u00adwirk\u00adli\u00adchung und Umset\u00adzung des Kon\u00adzep\u00adtes Demo\u00adkra\u00adti\u00adsche Auto\u00adno\u00admie in West\u00adkur\u00addis\u00adtan (Rojava), das auf syri\u00adschem Staats\u00adge\u00adbiet liegt, wei\u00adter. In einem Teil des Gebiets wurde jetzt Mitte Januar die <a href=\"http:\/\/www.jungewelt.de\/2014\/01-23\/036.php\">demokratische Autonomie ausgerufen<\/a>. Sie schla\u00adgen im Wind\u00adschat\u00adten des Krie\u00adges in Syrien einen \u201eDrit\u00adten Weg\u201c ein, bauen ihre Selbst\u00adver\u00adwal\u00adtungs\u2013 und Selbst\u00adver\u00adtei\u00addi\u00adgungs\u00adstruk\u00adtu\u00adren auf und aus und gera\u00adten des\u00adwe\u00adgen ver\u00admehrt ins Visier. Im rela\u00adtiv sta\u00adbi\u00adlen Osten des Lan\u00addes sehen sich kur\u00addi\u00adsche Kr\u00e4fte ver\u00admehrt aus der T\u00fcr\u00adkei ein\u00adge\u00adsi\u00adcker\u00adten isla\u00admis\u00adti\u00adschen Kr\u00e4f\u00adten gegen\u00ad\u00fcber. Am 8.Februar findet in Stuttgart eine Solidart\u00e4tsdemonstration mit dem <a href=\"http:\/\/www.antifaschistische-linke.de\/?p=2196\">Kurdischen Aufbruch in Rojava<\/a> statt. Es wurde <a href=\"http:\/\/aki-homepage.bplaced.net\/joomla25\/index.php\/component\/content\/article\/83-aktuell\/75-rojava-das-schweigen-brechen\">ein B\u00fcndnis-Aufruf<\/a> und ein <a href=\"https:\/\/linksunten.indymedia.org\/en\/node\/102371\">internationalistischer Aufruf<\/a> verfasst, ein <a href=\"https:\/\/www.youtube.com\/watch?v=jNoc59BlLAc\">Mobi-Video<\/a> ging online und am 22.Januar fand ein <a href=\"https:\/\/linksunten.indymedia.org\/de\/node\/104293\">Aktionstag in Stuttgart<\/a> statt. Treffpunkt zur Demo ist um 14 Uhr in der Lautenschlagerstra\u00dfe gegen\u00fcber des Hauptbahnhof. Hoch die Internationale Solidarit\u00e4t!<\/p>\n","protected":false},"excerpt":{"rendered":"<p>Donnerstag, 30.01.2014 Stuttgart. Die kur\u00addi\u00adsche Bewe\u00adgung kommt bei der Ver\u00adwirk\u00adli\u00adchung und Umset\u00adzung des Kon\u00adzep\u00adtes Demo\u00adkra\u00adti\u00adsche Auto\u00adno\u00admie in West\u00adkur\u00addis\u00adtan (Rojava), das auf syri\u00adschem Staats\u00adge\u00adbiet liegt, wei\u00adter. In einem Teil des Gebiets wurde jetzt Mitte Januar die demokratische Autonomie ausgerufen. Sie schla\u00adgen im Wind\u00adschat\u00adten des Krie\u00adges in Syrien einen \u201eDrit\u00adten Weg\u201c ein, bauen ihre Selbst\u00adver\u00adwal\u00adtungs\u2013 und Selbst\u00adver\u00adtei\u00addi\u00adgungs\u00adstruk\u00adtu\u00adren [&hellip;]<\/p>\n","protected":false},"author":1,"featured_media":0,"comment_status":"closed","ping_status":"closed","sticky":false,"template":"","format":"standard","meta":[],"categories":[1,3,6,4],"tags":[28,881,12,339,120],"_links":{"self":[{"href":"https:\/\/www.antifaschistische-linke.de\/index.php?rest_route=\/wp\/v2\/posts\/2656"}],"collection":[{"href":"https:\/\/www.antifaschistische-linke.de\/index.php?rest_route=\/wp\/v2\/posts"}],"about":[{"href":"https:\/\/www.antifaschistische-linke.de\/index.php?rest_route=\/wp\/v2\/types\/post"}],"author":[{"embeddable":true,"href":"https:\/\/www.antifaschistische-linke.de\/index.php?rest_route=\/wp\/v2\/users\/1"}],"replies":[{"embeddable":true,"href":"https:\/\/www.antifaschistische-linke.de\/index.php?rest_route=%2Fwp%2Fv2%2Fcomments&post=2656"}],"version-history":[{"count":0,"href":"https:\/\/www.antifaschistische-linke.de\/index.php?rest_route=\/wp\/v2\/posts\/2656\/revisions"}],"wp:attachment":[{"href":"https:\/\/www.antifaschistische-linke.de\/index.php?rest_route=%2Fwp%2Fv2%2Fmedia&parent=2656"}],"wp:term":[{"taxonomy":"category","embeddable":true,"href":"https:\/\/www.antifaschistische-linke.de\/index.php?rest_route=%2Fwp%2Fv2%2Fcategories&post=2656"},{"taxonomy":"post_tag","embeddable":true,"href":"https:\/\/www.antifaschistische-linke.de\/index.php?rest_route=%2Fwp%2Fv2%2Ftags&post=2656"}],"curies":[{"name":"wp","href":"https:\/\/api.w.org\/{rel}","templated":true}]}}