{"id":266,"date":"2010-01-20T13:46:11","date_gmt":"2010-01-20T11:46:11","guid":{"rendered":"http:\/\/alfr.blogsport.de\/2010\/01\/20\/freiheit-fuer-mumia-abu-jamal\/"},"modified":"2010-01-20T13:46:11","modified_gmt":"2010-01-20T11:46:11","slug":"freiheit-fuer-mumia-abu-jamal","status":"publish","type":"post","link":"https:\/\/www.antifaschistische-linke.de\/?p=266","title":{"rendered":"Freiheit f\u00fcr Mumia Abu-Jamal"},"content":{"rendered":"<p><img decoding=\"async\" src=\"http:\/\/www.antifaschistische-linke.de\/Bilder\/rotehilfeklein.jpg\" align=\"left\" alt=\"Kampf der Repression international!\"\/><em>Mittwoch, 20.01.2010<\/em><br \/><strong>USA.<\/strong> Der Fall des urspr\u00fcnglich wegen Mordes zum Tode verurteilten Journalisten und Genossen <a href=\"http:\/\/www.labournet.de\/solidaritaet\/mumia\/index.html\">Mumia Abu-Jamal<\/a> wird neu <a href=\"http:\/\/www.jungewelt.de\/2010\/01-20\/060.php\">aufgerollt<\/a>. Das Oberste Gericht der USA verwies den Fall am 19. Januar 2010 zur\u00fcck an ein Bundesberufungsgericht im Bundesstaat Pennsylvania. Dieses solle ein Urteil aus dem Jahr 2008 \u00fcberpr\u00fcfen, in dem Abu-Jamals Todesstrafe in lebenslange Haft umgewandelt wurde, urteilten die h\u00f6chsten US-Richter in Washington. Mumia sitzt seit 28 Jahren im <a href=\"http:\/\/www.petitiononline.com\/Mumialaw\/petition.html\">Knast<\/a>. Er soll angeblich einen Polizisten ermordet haben. In <a href=\"http:\/\/www.autonomes-zentrum.org\/ai\/\">Heidelberg<\/a> findet eine <a href=\"http:\/\/alfr.blogsport.de\/2010\/01\/04\/demo-in-heidelberg-fuer-mumia\/\">Demonstration<\/a> gegen Repression und f\u00fcr Solidarit\u00e4t statt. Dabei soll auch die Klassenjustiz u.a. gegen Mumia eine Rolle spielen.<\/p>\n","protected":false},"excerpt":{"rendered":"<p>Mittwoch, 20.01.2010USA. Der Fall des urspr\u00fcnglich wegen Mordes zum Tode verurteilten Journalisten und Genossen Mumia Abu-Jamal wird neu aufgerollt. Das Oberste Gericht der USA verwies den Fall am 19. Januar 2010 zur\u00fcck an ein Bundesberufungsgericht im Bundesstaat Pennsylvania. Dieses solle ein Urteil aus dem Jahr 2008 \u00fcberpr\u00fcfen, in dem Abu-Jamals Todesstrafe in lebenslange Haft umgewandelt [&hellip;]<\/p>\n","protected":false},"author":1,"featured_media":0,"comment_status":"closed","ping_status":"closed","sticky":false,"template":"","format":"standard","meta":[],"categories":[1],"tags":[],"_links":{"self":[{"href":"https:\/\/www.antifaschistische-linke.de\/index.php?rest_route=\/wp\/v2\/posts\/266"}],"collection":[{"href":"https:\/\/www.antifaschistische-linke.de\/index.php?rest_route=\/wp\/v2\/posts"}],"about":[{"href":"https:\/\/www.antifaschistische-linke.de\/index.php?rest_route=\/wp\/v2\/types\/post"}],"author":[{"embeddable":true,"href":"https:\/\/www.antifaschistische-linke.de\/index.php?rest_route=\/wp\/v2\/users\/1"}],"replies":[{"embeddable":true,"href":"https:\/\/www.antifaschistische-linke.de\/index.php?rest_route=%2Fwp%2Fv2%2Fcomments&post=266"}],"version-history":[{"count":0,"href":"https:\/\/www.antifaschistische-linke.de\/index.php?rest_route=\/wp\/v2\/posts\/266\/revisions"}],"wp:attachment":[{"href":"https:\/\/www.antifaschistische-linke.de\/index.php?rest_route=%2Fwp%2Fv2%2Fmedia&parent=266"}],"wp:term":[{"taxonomy":"category","embeddable":true,"href":"https:\/\/www.antifaschistische-linke.de\/index.php?rest_route=%2Fwp%2Fv2%2Fcategories&post=266"},{"taxonomy":"post_tag","embeddable":true,"href":"https:\/\/www.antifaschistische-linke.de\/index.php?rest_route=%2Fwp%2Fv2%2Ftags&post=266"}],"curies":[{"name":"wp","href":"https:\/\/api.w.org\/{rel}","templated":true}]}}