{"id":267,"date":"2010-01-20T13:52:46","date_gmt":"2010-01-20T11:52:46","guid":{"rendered":"http:\/\/alfr.blogsport.de\/2010\/01\/20\/moerder-von-alexandros-stehen-vor-gericht\/"},"modified":"2010-01-20T13:52:46","modified_gmt":"2010-01-20T11:52:46","slug":"moerder-von-alexandros-stehen-vor-gericht","status":"publish","type":"post","link":"https:\/\/www.antifaschistische-linke.de\/?p=267","title":{"rendered":"M\u00f6rder von Alexandros stehen vor Gericht"},"content":{"rendered":"<p><img decoding=\"async\" src=\"http:\/\/www.antifaschistische-linke.de\/Bilder\/alexandros.png\" align=\"left\" alt=\"Kein Vergessen, kein Vergeben!\" \/><em>Mittwoch, 20.01.2010<\/em><br \/><strong>Griechenland.<\/strong> Heute, am 20. Januar 2010, begann der <a href=\"http:\/\/linksunten.indymedia.org\/de\/node\/15919\">Prozess<\/a> gegen die beiden Polizisten, die am 6. Dezember 2008 im Athener Stadtteil Exarcheia an der Erschie\u00dfung des 15j\u00e4hrigen Anarchisten <a href=\"http:\/\/www.taz.de\/1\/leben\/koepfe\/artikel\/1\/der-freundliche-junge-von-nebenan\/\">Alexandros Grigoropoulos<\/a> beteiligt waren. Der Prozess, der im Amfissa, einer Stadt 200 Kilometer n\u00f6rdlich der Hauptstadt stattfindet, wurde nach nur wenigen Minuten vertagt und findet am kommenden Freitag seine Fortsetzung. Das Gericht hatte einem Antrag der Verteidigung der Bullen stattgegeben, da diese vor einem anderen Gericht Verpflichtungen hatten.<\/p>\n","protected":false},"excerpt":{"rendered":"<p>Mittwoch, 20.01.2010Griechenland. Heute, am 20. Januar 2010, begann der Prozess gegen die beiden Polizisten, die am 6. Dezember 2008 im Athener Stadtteil Exarcheia an der Erschie\u00dfung des 15j\u00e4hrigen Anarchisten Alexandros Grigoropoulos beteiligt waren. Der Prozess, der im Amfissa, einer Stadt 200 Kilometer n\u00f6rdlich der Hauptstadt stattfindet, wurde nach nur wenigen Minuten vertagt und findet am [&hellip;]<\/p>\n","protected":false},"author":1,"featured_media":0,"comment_status":"closed","ping_status":"closed","sticky":false,"template":"","format":"standard","meta":[],"categories":[1],"tags":[],"_links":{"self":[{"href":"https:\/\/www.antifaschistische-linke.de\/index.php?rest_route=\/wp\/v2\/posts\/267"}],"collection":[{"href":"https:\/\/www.antifaschistische-linke.de\/index.php?rest_route=\/wp\/v2\/posts"}],"about":[{"href":"https:\/\/www.antifaschistische-linke.de\/index.php?rest_route=\/wp\/v2\/types\/post"}],"author":[{"embeddable":true,"href":"https:\/\/www.antifaschistische-linke.de\/index.php?rest_route=\/wp\/v2\/users\/1"}],"replies":[{"embeddable":true,"href":"https:\/\/www.antifaschistische-linke.de\/index.php?rest_route=%2Fwp%2Fv2%2Fcomments&post=267"}],"version-history":[{"count":0,"href":"https:\/\/www.antifaschistische-linke.de\/index.php?rest_route=\/wp\/v2\/posts\/267\/revisions"}],"wp:attachment":[{"href":"https:\/\/www.antifaschistische-linke.de\/index.php?rest_route=%2Fwp%2Fv2%2Fmedia&parent=267"}],"wp:term":[{"taxonomy":"category","embeddable":true,"href":"https:\/\/www.antifaschistische-linke.de\/index.php?rest_route=%2Fwp%2Fv2%2Fcategories&post=267"},{"taxonomy":"post_tag","embeddable":true,"href":"https:\/\/www.antifaschistische-linke.de\/index.php?rest_route=%2Fwp%2Fv2%2Ftags&post=267"}],"curies":[{"name":"wp","href":"https:\/\/api.w.org\/{rel}","templated":true}]}}