{"id":2671,"date":"2014-02-03T22:33:46","date_gmt":"2014-02-03T21:33:46","guid":{"rendered":"http:\/\/www.antifaschistische-linke.de\/?p=2671"},"modified":"2014-02-03T22:33:46","modified_gmt":"2014-02-03T21:33:46","slug":"23-februar-pforzheim-is-calling","status":"publish","type":"post","link":"https:\/\/www.antifaschistische-linke.de\/?p=2671","title":{"rendered":"23.Februar &#8211; Pforzheim is calling!"},"content":{"rendered":"<p><img decoding=\"async\" alt=\"antifaklein\" src=\"http:\/\/www.antifaschistische-linke.de\/Bilder\/afalogoklein.png\" align=\"left\" \/><em>Montag, 03.02.2014.<\/em><br \/>\n<strong>Freiburg\/Pforzheim. <\/strong> Am 23. Februar ver\u00adan\u00adstal\u00adtet der faschis\u00adti\u00adsche \u201cFreun\u00addes\u00adkreis Ein Herz f\u00fcr Deutsch\u00adland\u201d eine \u201cFackel-Mahnwache\u201d auf dem Pforz\u00adhei\u00admer Wart\u00adberg. Seit rund 20 Jah\u00adren neh\u00admen die Nazis die Bom\u00adbar\u00adde\u00adments auf Pforz\u00adheim am 23. Februar 1945 zum Anlass, um den deut\u00adschen Faschis\u00admus zu glo\u00adri\u00adfi\u00adzie\u00adren. Bei die\u00adser und ande\u00adren Ver\u00adan\u00adstal\u00adtun\u00adgen im gesam\u00adten Bun\u00addes\u00adge\u00adbiet treten die Nazis f\u00fcr ein Geschichts\u00adbild ein, das von dem m\u00f6r\u00adde\u00adri\u00adschen Ver\u00adbre\u00adchen des deut\u00adschen Faschis\u00admus ablenkt und statt\u00addes\u00adsen die mili\u00adt\u00e4\u00adri\u00adschen Kon\u00adtra\u00adhen\u00adten der Faschis\u00adten zu den eigent\u00adli\u00adchen T\u00e4tern uml\u00fcgt. Und wie jedes Jahr ist es wichtig in Pforzheim dieser Verdrehung der Geschichte entgegenzutreten. Letztes Jahr konnte der Aufmarsch, der einer der gr\u00f6\u00dften regelm\u00e4\u00dfig stattfindenden Aufm\u00e4rsche in Baden-W\u00fcrttemberg ist, nach intensiver Mobilisierung (<a href=\"http:\/\/www.antifaschistische-linke.de\/?p=1337\">Ba-W\u00fc-weiter Aufruf<\/a> | <a href=\"http:\/\/www.antifaschistische-linke.de\/?p=1343\">Mobi ab Freiburg<\/a> | <a href=\"http:\/\/www.antifaschistische-linke.de\/?p=1340\">Aufruf aus Freiburg<\/a>) erstmals zumindest eingeschr\u00e4nkt werden. Auch dieses Jahr wird es eine intensive Mobi geben. Zuletzt ging ein <a href=\"https:\/\/linksunten.indymedia.org\/en\/node\/105210\">Baden-W\u00fcrttemberg-weiter Aufruf online<\/a>. Auch dieses Jahr wird es aus Freiburg wieder eine gemeinsame Anreise geben &#8211; <a href=\"http:\/\/www.antifaschistische-linke.de\/?p=2673\">Achtet auf Ank\u00fcndigungen!<\/a><\/p>\n","protected":false},"excerpt":{"rendered":"<p>Montag, 03.02.2014. Freiburg\/Pforzheim. Am 23. Februar ver\u00adan\u00adstal\u00adtet der faschis\u00adti\u00adsche \u201cFreun\u00addes\u00adkreis Ein Herz f\u00fcr Deutsch\u00adland\u201d eine \u201cFackel-Mahnwache\u201d auf dem Pforz\u00adhei\u00admer Wart\u00adberg. Seit rund 20 Jah\u00adren neh\u00admen die Nazis die Bom\u00adbar\u00adde\u00adments auf Pforz\u00adheim am 23. Februar 1945 zum Anlass, um den deut\u00adschen Faschis\u00admus zu glo\u00adri\u00adfi\u00adzie\u00adren. Bei die\u00adser und ande\u00adren Ver\u00adan\u00adstal\u00adtun\u00adgen im gesam\u00adten Bun\u00addes\u00adge\u00adbiet treten die Nazis f\u00fcr [&hellip;]<\/p>\n","protected":false},"author":1,"featured_media":0,"comment_status":"closed","ping_status":"closed","sticky":false,"template":"","format":"standard","meta":[],"categories":[1,3],"tags":[86,879,28,516,158,20,558,374],"_links":{"self":[{"href":"https:\/\/www.antifaschistische-linke.de\/index.php?rest_route=\/wp\/v2\/posts\/2671"}],"collection":[{"href":"https:\/\/www.antifaschistische-linke.de\/index.php?rest_route=\/wp\/v2\/posts"}],"about":[{"href":"https:\/\/www.antifaschistische-linke.de\/index.php?rest_route=\/wp\/v2\/types\/post"}],"author":[{"embeddable":true,"href":"https:\/\/www.antifaschistische-linke.de\/index.php?rest_route=\/wp\/v2\/users\/1"}],"replies":[{"embeddable":true,"href":"https:\/\/www.antifaschistische-linke.de\/index.php?rest_route=%2Fwp%2Fv2%2Fcomments&post=2671"}],"version-history":[{"count":0,"href":"https:\/\/www.antifaschistische-linke.de\/index.php?rest_route=\/wp\/v2\/posts\/2671\/revisions"}],"wp:attachment":[{"href":"https:\/\/www.antifaschistische-linke.de\/index.php?rest_route=%2Fwp%2Fv2%2Fmedia&parent=2671"}],"wp:term":[{"taxonomy":"category","embeddable":true,"href":"https:\/\/www.antifaschistische-linke.de\/index.php?rest_route=%2Fwp%2Fv2%2Fcategories&post=2671"},{"taxonomy":"post_tag","embeddable":true,"href":"https:\/\/www.antifaschistische-linke.de\/index.php?rest_route=%2Fwp%2Fv2%2Ftags&post=2671"}],"curies":[{"name":"wp","href":"https:\/\/api.w.org\/{rel}","templated":true}]}}