{"id":2698,"date":"2014-02-07T18:23:56","date_gmt":"2014-02-07T17:23:56","guid":{"rendered":"http:\/\/www.antifaschistische-linke.de\/?p=2698"},"modified":"2014-02-27T20:23:33","modified_gmt":"2014-02-27T19:23:33","slug":"erklaerung-zum-1-mai","status":"publish","type":"post","link":"https:\/\/www.antifaschistische-linke.de\/?p=2698","title":{"rendered":"Erkl\u00e4rung zum 1. Mai"},"content":{"rendered":"<p><em>Hier dokumentieren wir eine <a href=\"http:\/\/www.rechtaufstadt-freiburg.de\/2014\/01\/heraus-zum-1-mai\/\">Erkl\u00e4rung zum 1. Mai<\/a>. Diese wurde bei Treffen verschiedener Gruppen und Personen erarbeitet. <\/em><br \/>\n<em>Wer diese mitzeichnen will, kann dies bis 9. Februar mit einer Mail (info -[\u00e4t]- rechtaufstadt-freiburg.de) tun.<\/em><\/p>\n<blockquote><p>Seit nunmehr \u00fcber einem Dutzend Jahren veranstalten BewohnerInnen und SympathisantInnen des Stadtteils \u201aIm Gr\u00fcn\u2018 wie gewohnt um den 1. Mai ein unangemeldetes nicht kommerzielles Fest in den Stra\u00dfen des Quartiers, das sich zu einer festen Institution als Verquickung von politischem 1. Mai und Stadtteilfest entwickelt hat. Auch wenn der Stadtteil \u2018Im Gr\u00fcn\u2019 in den vergangenen Jahren durch <a title=\"AllgeMAIverf\u00fcgung: Stra\u00dfenfest im Gr\u00fcn findet statt!\" href=\"http:\/\/www.rechtaufstadt-freiburg.de\/2013\/04\/allgemaiverfugung-strasenfest-im-grun-findet-statt\/\">Allgemeinverf\u00fcgungen<\/a> zum Gefahrengebiet erkl\u00e4rt und das dortige Stadtteilfest mittels martialischer Polizeipr\u00e4senz stark eingeschr\u00e4nkt bis verhindert wurde, werden wir uns auch am 1. Mai 2014 auf unseren Stra\u00dfen \u2018Im Gr\u00fcn\u2019 versammeln, demonstrieren und feiern.<br \/>\nWir w\u00fcnschen uns ein offenes und freies Fest, an dem jede_r teilnehmen kann. Wir haben nicht vor, uns dem Trend zu beugen, dass der \u00f6ffentliche Raum direktiv in seiner Nutzung und seinem Zugang beschr\u00e4nkt und kontrolliert wird.<br \/>\nDaher rufen wir alle Initiativen und Einzelpersonen, denen ein selbstorganisiertes Fest am Herzen liegt, auf, sich an den Aktivit\u00e4ten und Feierlichkeiten zu beteiligen. Um das Stra\u00dfenfest durchsetzen zu k\u00f6nnen, wird einiges an Eigeninitiative notwendig sein.<\/p>\n<p><!--more-->In den letzten zwei Jahren hat die Dezernentenrunde der Stadt Freiburg sich einer Bewertung dieses gesellschaftlichen Bed\u00fcrfnisses entzogen bzw. selbiges negiert. Entweder sie will den Charakter des selbstorganisierten Stra\u00dfenfestes schlicht nicht oder sie versteht ihn nicht. Falls auch dieses Jahr wieder \u201adas Ganze\u2018 einfach an die B\u00fcrokratie delegiert wird mit dem Versuch, diese Nutzung des \u00f6ffentlichen Raums aufwendig zu unterbinden, wird es zus\u00e4tzlich zum 1.Mai\/Stadtteilfest Versammlungen, Herumlungerungen und weitere spontane Alternativkonzepte gegen die Einsch\u00fcchterungspolitik geben. Eventuelle G\u00e4ngelungsversuche werden wir kreativ und auf vielf\u00e4ltige Weise unterlaufen.<br \/>\nTrotzdem wollen wir uns auch beim diesj\u00e4hrigen Stadtteilfest\u00a0 an dem hart erarbeiteten Konsens des Runden Tisches zum ersten Mai des Jahres 2013 orientieren und Basisnotwendigkeiten (Rettungswege) ber\u00fccksichtigen. Kleine unterst\u00fctzende Ma\u00dfnahmen der \u00f6ffentlichen Hand (z.B. Stra\u00dfenumleitung) w\u00fcrden wir begr\u00fc\u00dfen. Wir rufen Alle zu einem verantwortungsvollen und entschlossenen Handeln auf. Spaltungsversuche werden wir bel\u00e4cheln.<br \/>\nAuf einen gelungenen selbstorganisierten 1. Mai \u201aIm Gr\u00fcn\u2018 ohne Einschr\u00e4nkung der Versammlungs-, Fest- und Meinungsfreiheit.<\/p>\n<p>Bitte weiterleiten und unterzeichnen bis 9. Februar<br \/>\nn\u00e4chstes Treffen Fr, 21.2., 19:30h<\/p>\n<p><strong>Unterst\u00fctzende:<\/strong><br \/>\n<a href=\"http:\/\/www.frei-e-buerger.de\/\">FREIeB\u00dcRGER<\/a> | <a title=\"SUSI e.V.\" href=\"http:\/\/susi-projekt.de\/\">SUSI e.V.<\/a> | <a title=\"mark20\" href=\"http:\/\/mark20.org\">mark20<\/a> | <a href=\"http:\/\/www.zuendstoff-clothing.de\/\">Z\u00fcndstoff<\/a> | <a title=\"Anarchistische Gruppe Freiburg\" href=\"http:\/\/ag-freiburg.org\/\">Anarchistische Gruppe Freiburg<\/a> | Linksjugend[&#8217;solid] Freiburg | <a title=\"Grethergel\u00e4nde\" href=\"http:\/\/www.grether.syndikat.org\/\">Grethergel\u00e4nde<\/a> | <a title=\"Sand im Getriebe\" href=\"http:\/\/sandimgetriebe.noblogs.org\/\">Sand im Getriebe<\/a> | <a title=\"Gartenstrasse 19\" href=\"http:\/\/annefreiburg.blogsport.de\/category\/gartenstrasse-19\/\">Gartenstrasse 19<\/a> | <a title=\"Pl\u00e4tze.H\u00e4user.Alles\" href=\"http:\/\/annefreiburg.blogsport.de\/p-h-a-kampagne\/\">Pl\u00e4tze.H\u00e4user.Alles<\/a> | <a title=\"Freie ArbeiterInnen Union (FAU) Freiburg\" href=\"http:\/\/fau.org\/freiburg\">Freie ArbeiterInnen Union (FAU) Freiburg<\/a> | <a href=\"http:\/\/www.antifaschistische-linke.de\/\">Antifaschistische Linke Freiburg<\/a> | <a href=\"http:\/\/www.dielinke-freiburg.de\/\">Partei DIE LINKE Freiburg<\/a>\u00a0 | Hedonistische Antinationale Sektion Freiburg | Der Kosmische K\u00e4fer | Die Maigr\u00fcnchen | <a href=\"http:\/\/rdl.de\">Radio Dreyeckland Betriebsgruppe <\/a>| <a title=\"Gr\u00fcne Alternative Freiburg (GAF)\" href=\"http:\/\/www.ga-freiburg.net\/\">Gr\u00fcne Alternative Freiburg (GAF)<\/a> | Strandcafe | <a title=\"Der Slow Club e.V. - Verein f\u00fcr notwendige kulturelle Ma\u00dfnahmen in Freiburg\" href=\"http:\/\/slowclub-freiburg.org\/\">SLOW CLUB<\/a> | <a href=\"http:\/\/rdl.de\">Radio Dreyeckland\u00a0<\/a><a href=\"http:\/\/rdl.de\">Aktuelle Redaktion<\/a> | <a href=\"http:\/\/www.kts-freiburg.org\/spip\/spip.php?article852\">EA Freiburg<\/a> | Kommunita Lotta |\u00a0Der Studierendenrat (<a href=\"http:\/\/www.u-asta.uni-freiburg.de\/vs\/stura\">StuRa<\/a>) der Uni Freiburg | <a href=\"http:\/\/www.rechtaufstadt-freiburg.de\/\">Recht auf Stadt -Netzwerktreffen<\/a> vom 14.2. | Antispe Freiburg |\u00a0kyoskpunktorg | <a href=\"http:\/\/www.kts-freiburg.org\/spip\/spip.php\">KTS<\/a> |\u00a0<a title=\"akj Freiburg\" href=\"http:\/\/http:\/\/akj-freiburg.de\/\">Arbeitskreis kritischer Juristinnen und Juristen (akj) Freiburg<\/a> |\u00a0Referat f\u00fcr Politik- und Meinungsfreiheit des <a href=\"http:\/\/www.usta-ph.de\/\">UStA der PH<\/a> Freiburg | und Einzelpersonen\u2026<\/p><\/blockquote>\n","protected":false},"excerpt":{"rendered":"<p>Hier dokumentieren wir eine Erkl\u00e4rung zum 1. Mai. Diese wurde bei Treffen verschiedener Gruppen und Personen erarbeitet. Wer diese mitzeichnen will, kann dies bis 9. Februar mit einer Mail (info -[\u00e4t]- rechtaufstadt-freiburg.de) tun. Seit nunmehr \u00fcber einem Dutzend Jahren veranstalten BewohnerInnen und SympathisantInnen des Stadtteils \u201aIm Gr\u00fcn\u2018 wie gewohnt um den 1. Mai ein unangemeldetes [&hellip;]<\/p>\n","protected":false},"author":1,"featured_media":0,"comment_status":"closed","ping_status":"closed","sticky":false,"template":"","format":"standard","meta":[],"categories":[4,7],"tags":[424,559,18,352],"_links":{"self":[{"href":"https:\/\/www.antifaschistische-linke.de\/index.php?rest_route=\/wp\/v2\/posts\/2698"}],"collection":[{"href":"https:\/\/www.antifaschistische-linke.de\/index.php?rest_route=\/wp\/v2\/posts"}],"about":[{"href":"https:\/\/www.antifaschistische-linke.de\/index.php?rest_route=\/wp\/v2\/types\/post"}],"author":[{"embeddable":true,"href":"https:\/\/www.antifaschistische-linke.de\/index.php?rest_route=\/wp\/v2\/users\/1"}],"replies":[{"embeddable":true,"href":"https:\/\/www.antifaschistische-linke.de\/index.php?rest_route=%2Fwp%2Fv2%2Fcomments&post=2698"}],"version-history":[{"count":0,"href":"https:\/\/www.antifaschistische-linke.de\/index.php?rest_route=\/wp\/v2\/posts\/2698\/revisions"}],"wp:attachment":[{"href":"https:\/\/www.antifaschistische-linke.de\/index.php?rest_route=%2Fwp%2Fv2%2Fmedia&parent=2698"}],"wp:term":[{"taxonomy":"category","embeddable":true,"href":"https:\/\/www.antifaschistische-linke.de\/index.php?rest_route=%2Fwp%2Fv2%2Fcategories&post=2698"},{"taxonomy":"post_tag","embeddable":true,"href":"https:\/\/www.antifaschistische-linke.de\/index.php?rest_route=%2Fwp%2Fv2%2Ftags&post=2698"}],"curies":[{"name":"wp","href":"https:\/\/api.w.org\/{rel}","templated":true}]}}