{"id":2774,"date":"2014-02-19T18:05:26","date_gmt":"2014-02-19T17:05:26","guid":{"rendered":"http:\/\/www.antifaschistische-linke.de\/?p=2774"},"modified":"2014-02-19T18:07:47","modified_gmt":"2014-02-19T17:07:47","slug":"moscow-death-brigade-zum-enraged-minority-release-in-freiburg-deutschlandpremiere-der-doku-ivan-in-memory-of-our-friend","status":"publish","type":"post","link":"https:\/\/www.antifaschistische-linke.de\/?p=2774","title":{"rendered":"Moscow Death Brigade zum Enraged Minority-Release in Freiburg &#8211; Deutschlandpremiere der Doku &#8222;Ivan. In memory of our friend&#8220;"},"content":{"rendered":"<p><img decoding=\"async\" loading=\"lazy\" class=\"alignleft size-medium wp-image-2775\" alt=\"MDB_web\" src=\"http:\/\/www.antifaschistische-linke.de\/wp-content\/uploads\/MDB_web-300x110.jpg\" width=\"300\" height=\"110\" \/><strong>+++ Record Realese-Show von <a href=\"http:\/\/enragedminority.blogsport.de\/\">Enraged Minority<\/a> mit Moscow Death Brigade, den\u00a0Mal\u00adadro!ts und Artificial Eyes +++ Deutschlandpremiere der Doku &#8222;Ivan. In memory of our friend&#8220; mit deutschen Untertiteln im LIZ+++<\/strong><br \/>\nZu Be\u00adginn des Jah\u00adres 2014 pr\u00e4\u00adsen\u00adtiert die Strai\u00adght Ahead Crew am Sams\u00adtag, den 22. Fe\u00adbru\u00adar die Ver\u00ad\u00f6f\u00adfent\u00adli\u00adchung des zwei\u00adten Stu\u00addio\u00adal\u00adbums von Enraged Minority mit einer Party, die es de\u00adfi\u00adni\u00adtiv in sich haben wird. Moscow Death Bri\u00adga\u00adde, die bis\u00adher noch nie in der BRD oder West\u00adeu\u00adro\u00adpa auf\u00adge\u00adtre\u00adten sind und ihre Musik als \u201eAn\u00adti\u00adfa\u00adscist Cir\u00adcle Pit Hip Hop\u201c beschreiben, ge\u00adnie\u00ad\u00dfen v\u00f6l\u00adlig zu\u00adrecht einen ge\u00adwis\u00adsen Kult\u00adsta\u00adtus in\u00adner\u00adhalb der an\u00adti\u00adfa\u00adschis\u00adti\u00adschen Mu\u00adsik\u00adsze\u00adne!<br \/>\nMit an Bord sind auch die ab\u00adso\u00adlut gro\u00df\u00adar\u00adti\u00adgen Mal\u00adadro!ts! Jeder der die vier sym\u00adpa\u00adthi\u00adschen und ta\u00adlen\u00adtier\u00adten Punk\u00adro\u00adcker kennt und schon ein\u00admal live er\u00adle\u00adben durf\u00adte wird wis\u00adsen, dass die Mal\u00adadro!ts Ga\u00adran\u00adten f\u00fcr eine gute Party sind. Den Abend er\u00ad\u00f6ff\u00adnen wer\u00adden Ar\u00adti\u00adfi\u00adci\u00adal Eyes, die so etwas wie eine Stutt\u00adgar\u00adter All-\u200bStar Band dar\u00adstel\u00adlen und ein wirk\u00adlich gran\u00addio\u00adses Punk\u00adrock-\u200bFeu\u00ader\u00adwerk ab\u00adfeu\u00adern wer\u00adden \u2013 versprochen!<\/p>\n<p><strong>Filmvorf\u00fchrung: Ivan. In memory of our friend<\/strong><br \/>\nBevor das Konzert im R\u00e4bbit gegen 21.30 Uhr beginnt, wird im <a href=\"http:\/\/liz-freiburg.org\">Linken Zentrum Freiburg \u00a1adelante!<\/a> die Doku &#8222;Ivan. In memory of our friend&#8220; [<a href=\"http:\/\/www.youtube.com\/watch?v=jmRxfg4gWco\">LINK:Trailer ohne Untertitel<\/a>] gezeigt. <a href=\"http:\/\/www.antifaschistische-linke.de\/?p=2176\">Die Doku handelt von dem Leben und der Ermordung<\/a> (am 16. November 2009) von Ivan Khu\u00adtorskoy durch Faschisten. Ivan war Antifaschist und Mitbegr\u00fcnder der RASH Szene in Moskau\/Russland. Die Doku wurde in der endg\u00fcltigen Fassung mit deutschen Untertiteln noch nicht in der BRD gezeigt. Beginn der Filmvorf\u00fchrung ist um 18 Uhr. Die Leute der Moscow Death Brigade werden die Vorf\u00fchrung begleiten.<br \/>\nVeranstaltet von: <a href=\"http:\/\/straightaheadcrew.blogsport.de\/\">Straight Ahead Crew<\/a> und Antifaschistische Linke Freiburg<\/p>\n<p>Auf einen Blick:<br \/>\n<strong>Filmvorf\u00fchrung<\/strong> &#8222;Ivan. In memory of our friend&#8220; | 22.Februar | 18.30 Uhr | Linkes Zentrum Freiburg \u00a1adelante! | Gl\u00fcmerstra\u00dfe 2<\/p>\n<p><strong>Enraged Minority Record-Realse Show:<\/strong><br \/>\n:: MOSCOW DEATH BRI\u00adGA\u00adDE \u2013 Cir\u00adcle Pit Hip Hop aus Mos\u00adkau<br \/>\n:: EN\u00adRA\u00adGED MI\u00adNO\u00adRI\u00adTY \u2013 Street\u00adpunk \/ Re\u00adcord Re\u00adlease Party<br \/>\n:: THE MAL\u00adADROITS \u2013 77\u2032 Power\u00adpop\u00adpunk aus L\u00f6r\u00adrach<br \/>\n:: AR\u00adTI\u00adFI\u00adCI\u00adAL EYES \u2013 Street\u00adpunk aus Stuttgart<br \/>\n22. Fe\u00adbru\u00adar | 21.30 Uhr | WHITE RAB\u00adBIT CLUB | Freiburg<\/p>\n","protected":false},"excerpt":{"rendered":"<p>+++ Record Realese-Show von Enraged Minority mit Moscow Death Brigade, den\u00a0Mal\u00adadro!ts und Artificial Eyes +++ Deutschlandpremiere der Doku &#8222;Ivan. In memory of our friend&#8220; mit deutschen Untertiteln im LIZ+++ Zu Be\u00adginn des Jah\u00adres 2014 pr\u00e4\u00adsen\u00adtiert die Strai\u00adght Ahead Crew am Sams\u00adtag, den 22. Fe\u00adbru\u00adar die Ver\u00ad\u00f6f\u00adfent\u00adli\u00adchung des zwei\u00adten Stu\u00addio\u00adal\u00adbums von Enraged Minority mit einer Party, [&hellip;]<\/p>\n","protected":false},"author":1,"featured_media":0,"comment_status":"closed","ping_status":"closed","sticky":false,"template":"","format":"standard","meta":[],"categories":[1,6],"tags":[],"_links":{"self":[{"href":"https:\/\/www.antifaschistische-linke.de\/index.php?rest_route=\/wp\/v2\/posts\/2774"}],"collection":[{"href":"https:\/\/www.antifaschistische-linke.de\/index.php?rest_route=\/wp\/v2\/posts"}],"about":[{"href":"https:\/\/www.antifaschistische-linke.de\/index.php?rest_route=\/wp\/v2\/types\/post"}],"author":[{"embeddable":true,"href":"https:\/\/www.antifaschistische-linke.de\/index.php?rest_route=\/wp\/v2\/users\/1"}],"replies":[{"embeddable":true,"href":"https:\/\/www.antifaschistische-linke.de\/index.php?rest_route=%2Fwp%2Fv2%2Fcomments&post=2774"}],"version-history":[{"count":0,"href":"https:\/\/www.antifaschistische-linke.de\/index.php?rest_route=\/wp\/v2\/posts\/2774\/revisions"}],"wp:attachment":[{"href":"https:\/\/www.antifaschistische-linke.de\/index.php?rest_route=%2Fwp%2Fv2%2Fmedia&parent=2774"}],"wp:term":[{"taxonomy":"category","embeddable":true,"href":"https:\/\/www.antifaschistische-linke.de\/index.php?rest_route=%2Fwp%2Fv2%2Fcategories&post=2774"},{"taxonomy":"post_tag","embeddable":true,"href":"https:\/\/www.antifaschistische-linke.de\/index.php?rest_route=%2Fwp%2Fv2%2Ftags&post=2774"}],"curies":[{"name":"wp","href":"https:\/\/api.w.org\/{rel}","templated":true}]}}