{"id":2791,"date":"2014-02-27T20:42:11","date_gmt":"2014-02-27T19:42:11","guid":{"rendered":"http:\/\/www.antifaschistische-linke.de\/?p=2791"},"modified":"2014-02-27T20:42:11","modified_gmt":"2014-02-27T19:42:11","slug":"repression-gegen-antifas-aus-burg-dauert-weiter-naechster-prozess-am-4-maerz","status":"publish","type":"post","link":"https:\/\/www.antifaschistische-linke.de\/?p=2791","title":{"rendered":"Repression gegen Antifas aus Burg dauert weiter &#8211; N\u00e4chster Prozess am 4.M\u00e4rz"},"content":{"rendered":"<p><img decoding=\"async\" alt=\"\" src=\"http:\/\/www.antifaschistische-linke.de\/Bilder\/rotehilfeklein.jpg\" align=\"left\" \/> <em>Donnerstag, 27.02.2014<\/em><br \/>\n<strong>Burg. <\/strong>Am Dienstag, den 4. M\u00e4rz 2014, findet vor dem Amtsgericht Magdeburg <a href=\"http:\/\/burg.blogsport.de\/2014\/02\/16\/247\/\">ein Prozess gegen einen Antifaschisten<\/a> aus Burg statt. Ihm wird vorgeworfen an Protesten gegen einen Naziaufmarsch teilgenommen zu haben. Schon in den letzten Monaten kam <a href=\"http:\/\/burg.blogsport.de\/2014\/02\/04\/244\/\">es zu mehreren Verhandlungen gegen Menschen aus Burg<\/a>, die damals in Magdeburg festgenommen und sp\u00e4ter zu Bew\u00e4hrungs- und Haftstrafen verurteilt worden waren. Unsere Solidarit\u00e4t gegen eure Repression!<\/p>\n","protected":false},"excerpt":{"rendered":"<p>Donnerstag, 27.02.2014 Burg. Am Dienstag, den 4. M\u00e4rz 2014, findet vor dem Amtsgericht Magdeburg ein Prozess gegen einen Antifaschisten aus Burg statt. Ihm wird vorgeworfen an Protesten gegen einen Naziaufmarsch teilgenommen zu haben. Schon in den letzten Monaten kam es zu mehreren Verhandlungen gegen Menschen aus Burg, die damals in Magdeburg festgenommen und sp\u00e4ter zu [&hellip;]<\/p>\n","protected":false},"author":1,"featured_media":0,"comment_status":"closed","ping_status":"closed","sticky":false,"template":"","format":"standard","meta":[],"categories":[8,3],"tags":[],"_links":{"self":[{"href":"https:\/\/www.antifaschistische-linke.de\/index.php?rest_route=\/wp\/v2\/posts\/2791"}],"collection":[{"href":"https:\/\/www.antifaschistische-linke.de\/index.php?rest_route=\/wp\/v2\/posts"}],"about":[{"href":"https:\/\/www.antifaschistische-linke.de\/index.php?rest_route=\/wp\/v2\/types\/post"}],"author":[{"embeddable":true,"href":"https:\/\/www.antifaschistische-linke.de\/index.php?rest_route=\/wp\/v2\/users\/1"}],"replies":[{"embeddable":true,"href":"https:\/\/www.antifaschistische-linke.de\/index.php?rest_route=%2Fwp%2Fv2%2Fcomments&post=2791"}],"version-history":[{"count":0,"href":"https:\/\/www.antifaschistische-linke.de\/index.php?rest_route=\/wp\/v2\/posts\/2791\/revisions"}],"wp:attachment":[{"href":"https:\/\/www.antifaschistische-linke.de\/index.php?rest_route=%2Fwp%2Fv2%2Fmedia&parent=2791"}],"wp:term":[{"taxonomy":"category","embeddable":true,"href":"https:\/\/www.antifaschistische-linke.de\/index.php?rest_route=%2Fwp%2Fv2%2Fcategories&post=2791"},{"taxonomy":"post_tag","embeddable":true,"href":"https:\/\/www.antifaschistische-linke.de\/index.php?rest_route=%2Fwp%2Fv2%2Ftags&post=2791"}],"curies":[{"name":"wp","href":"https:\/\/api.w.org\/{rel}","templated":true}]}}