{"id":2837,"date":"2014-03-12T16:15:03","date_gmt":"2014-03-12T15:15:03","guid":{"rendered":"http:\/\/www.antifaschistische-linke.de\/?p=2837"},"modified":"2014-05-23T10:29:59","modified_gmt":"2014-05-23T08:29:59","slug":"2837","status":"publish","type":"post","link":"https:\/\/www.antifaschistische-linke.de\/?p=2837","title":{"rendered":"Kundgebung zum Tod Berkin Elvans"},"content":{"rendered":"<p><img decoding=\"async\" alt=\"rot\" src=\"http:\/\/www.antifaschistische-linke.de\/Bilder\/roterstern.png\" align=\"left\" \/><em>Mittwoch, 12.03.2014<\/em><br \/>\n<strong>Freiburg. <\/strong> Am Dienstag, 11. M\u00e4rz 2014 gegen 20.30 h machte rund ein Dutzend junger Internationalisten am Bertholdsbrunnen mit einer halbst\u00fcndigen Kundgebung auf den <a href=\"http:\/\/www.spiegel.de\/politik\/ausland\/tuerkei-gezi-opfer-berkin-elvan-ist-tot-a-957873.html\">Tod Berkin Elvans<\/a> aufmerksam. Der damals 14-j\u00e4hrige Berkin war vor neun Monaten am Rand der Proteste gegen die Umgestaltung des Istanbuler Gezi-Parks, die sich zu Protesten gegen die islamistische t\u00fcrkische Regierung unter <a href=\"http:\/\/de.wikipedia.org\/wiki\/Recep_Tayyip_Erdo%C4%9Fan\">Recep Tayyip Erdo\u011fan<\/a> ausgeweitet hatten, durch ein Tr\u00e4nenga\u00dfgeschoss der Polizei am Kopf getroffen worden, als er gerade Br\u00f6tchen f\u00fcr das Familienfr\u00fchst\u00fcck kaufen wollte, und lag seither im Koma. Berkin starb gestern Morgen um 7.00 Uhr im Krankenhaus. Die T\u00e4ter werden von der t\u00fcrkischen Regierung ganz offenbar gedeckt, weil sie Polizisten sind und Erdogan der Polizei letzten Sommer freie Hand bei der brutalen Niederschlagung der <a href=\"http:\/\/de.wikipedia.org\/wiki\/Gezi-Park#Proteste_gegen_.C3.9Cberbauung_2013\">Gezi-Proteste<\/a> gegeben hatte: Im Fall des Mords an Berkin finden noch nicht einmal Ermittlungen statt. Berkin wurde nur 15 Jahre alt. Er ist das achte Todesopfer, davon sieben Zivikisten, der Gezi-Proteste vom letzten Sommer. Die Anw\u00e4lte von Berkins Familie ver\u00f6ffentlichten eine Mitteilung, in der es hei\u00dft, Berkin habe \u201egegen die Verletzungen gek\u00e4mpft wie unser Volk gegen diesen Faschismus k\u00e4mpft\u201c.<\/p>\n","protected":false},"excerpt":{"rendered":"<p>Mittwoch, 12.03.2014 Freiburg. Am Dienstag, 11. M\u00e4rz 2014 gegen 20.30 h machte rund ein Dutzend junger Internationalisten am Bertholdsbrunnen mit einer halbst\u00fcndigen Kundgebung auf den Tod Berkin Elvans aufmerksam. Der damals 14-j\u00e4hrige Berkin war vor neun Monaten am Rand der Proteste gegen die Umgestaltung des Istanbuler Gezi-Parks, die sich zu Protesten gegen die islamistische t\u00fcrkische [&hellip;]<\/p>\n","protected":false},"author":1,"featured_media":0,"comment_status":"closed","ping_status":"closed","sticky":false,"template":"","format":"standard","meta":[],"categories":[3,6],"tags":[592,429,193,881,18,352,85,62],"_links":{"self":[{"href":"https:\/\/www.antifaschistische-linke.de\/index.php?rest_route=\/wp\/v2\/posts\/2837"}],"collection":[{"href":"https:\/\/www.antifaschistische-linke.de\/index.php?rest_route=\/wp\/v2\/posts"}],"about":[{"href":"https:\/\/www.antifaschistische-linke.de\/index.php?rest_route=\/wp\/v2\/types\/post"}],"author":[{"embeddable":true,"href":"https:\/\/www.antifaschistische-linke.de\/index.php?rest_route=\/wp\/v2\/users\/1"}],"replies":[{"embeddable":true,"href":"https:\/\/www.antifaschistische-linke.de\/index.php?rest_route=%2Fwp%2Fv2%2Fcomments&post=2837"}],"version-history":[{"count":0,"href":"https:\/\/www.antifaschistische-linke.de\/index.php?rest_route=\/wp\/v2\/posts\/2837\/revisions"}],"wp:attachment":[{"href":"https:\/\/www.antifaschistische-linke.de\/index.php?rest_route=%2Fwp%2Fv2%2Fmedia&parent=2837"}],"wp:term":[{"taxonomy":"category","embeddable":true,"href":"https:\/\/www.antifaschistische-linke.de\/index.php?rest_route=%2Fwp%2Fv2%2Fcategories&post=2837"},{"taxonomy":"post_tag","embeddable":true,"href":"https:\/\/www.antifaschistische-linke.de\/index.php?rest_route=%2Fwp%2Fv2%2Ftags&post=2837"}],"curies":[{"name":"wp","href":"https:\/\/api.w.org\/{rel}","templated":true}]}}