{"id":2852,"date":"2014-03-15T21:28:43","date_gmt":"2014-03-15T20:28:43","guid":{"rendered":"http:\/\/www.antifaschistische-linke.de\/?p=2852"},"modified":"2014-05-03T13:42:28","modified_gmt":"2014-05-03T11:42:28","slug":"so-wie-es-ist-bleibt-es-nicht-aufruf-zum-1-mai-2014","status":"publish","type":"post","link":"https:\/\/www.antifaschistische-linke.de\/?p=2852","title":{"rendered":"Der 1.Mai in Freiburg: &#8222;So, wie es ist, bleibt es nicht&#8230;&#8220;"},"content":{"rendered":"<p><strong>+++ Wieder Antikapitalistischer Block auf der DGB-Demo +++ Aufruf online +++ Podium: &#8222;Revolution\u00e4re Politik in nicht- revolution\u00e4ren Zeiten&#8220; +++ Basteltage am 24. und 25 April +++ Alle Infos auf <a href=\"http:\/\/antikap-freiburg.tk\">www.antikap-freiburg.tk<\/a> +++ <a href=\"http:\/\/www.antifaschistische-linke.de\/?p=2698\">Erkl\u00e4rung zum 1.Mai<\/a> +++<br \/>\n<\/strong><\/p>\n<p><em><em> <\/em><em>W<\/em><em>i<\/em>e bereits im letzten Jahr <a href=\"http:\/\/www.antifaschistische-linke.de\/wp-content\/uploads\/Flyervorne.jpg\"><img decoding=\"async\" loading=\"lazy\" class=\" wp-image-2855 alignleft\" alt=\"Flyervorne\" src=\"http:\/\/www.antifaschistische-linke.de\/wp-content\/uploads\/Flyervorne-211x300.jpg\" width=\"211\" height=\"300\" \/><\/a> mobilisieren wir auch dieses Jahr wieder, gemeinsam mit anderen, auf einen antikapitalistischen Block auf der traditionellen 1. Mai Demonstration des DGB.\u00a0Im Vorfeld veranstalten wir eine Podiumsdiskussion zum Thema &#8222;Revolution\u00e4re Politik in nicht- revolution\u00e4ren Zeiten&#8220;<\/em><\/p>\n<p>weitere Infos:<a href=\"http:\/\/antikap-freiburg.tk\"> www.antikap-freiburg.tk<\/a><\/p>\n<p style=\"text-align: justify;\"><strong>Podiumsdiskussion:<\/strong> <strong>&#8222;Revolution\u00e4re Politik in nicht- revolution\u00e4ren Zeiten&#8220;.<\/strong> Was eine Linke tun sollte, die wie\u00adder rele\u00advant wer\u00adden will!<br \/>\n<strong>25.April<\/strong> | 20 Uhr | Lin\u00adkes Zen\u00adtrum Frei\u00adburg <em>\u00a1adelante!<\/em> | Gl\u00fc\u00admer\u00adstra\u00dfe 2<br \/>\n<em>Mit: Einer Vertreterin der Gewerkschaftslinken (Stuttgart), einer Vertreterin der Interventionistischen Linken (Frankfurt) und einem Vertreter des Sprecherrat der Deutschen Kommunistischen Partei Freiburg<\/em><\/p>\n<p><strong>Antikapitalistischer Block: <\/strong>1. Mai 2014 | 10.30 Uhr | St\u00fchlinger Kirchplatz | auf der DGB-Demonstration<\/p>\n<p><strong>Basteltage<\/strong> | 24. &amp; 25.April | 12 &#8211; 18 Uhr | Lin\u00adkes Zen\u00adtrum Frei\u00adburg <em>\u00a1adelante!<\/em> | Gl\u00fc\u00admer\u00adstra\u00dfe 2<br \/>\nWir basteln Materialien f\u00fcr den Block &#8211; Komm vorbei!<\/p>\n<p><strong>Der Aufruf aus dem Jahr 2014: <\/strong><strong><strong><\/strong><\/strong><a href=\"http:\/\/www.antifaschistische-linke.de\/?p=2877\"><strong><strong>&#8222;So, wie es ist bleibt es nicht.&#8220;<\/strong><\/strong><\/a> <em>Kapitalismus \u00fcberwinden &#8211; F\u00fcr eine Welt jenseits von Krieg und Krise.<\/em> (<a href=\"http:\/\/www.antifaschistische-linke.de\/wp-content\/uploads\/Aufruflang.pdf\">hier auch als PDF<\/a>)<br \/>\n<strong><\/strong><\/p>\n","protected":false},"excerpt":{"rendered":"<p>+++ Wieder Antikapitalistischer Block auf der DGB-Demo +++ Aufruf online +++ Podium: &#8222;Revolution\u00e4re Politik in nicht- revolution\u00e4ren Zeiten&#8220; +++ Basteltage am 24. und 25 April +++ Alle Infos auf www.antikap-freiburg.tk +++ Erkl\u00e4rung zum 1.Mai +++ Wie bereits im letzten Jahr mobilisieren wir auch dieses Jahr wieder, gemeinsam mit anderen, auf einen antikapitalistischen Block auf der [&hellip;]<\/p>\n","protected":false},"author":1,"featured_media":0,"comment_status":"closed","ping_status":"closed","sticky":false,"template":"","format":"standard","meta":[],"categories":[10,4],"tags":[424,579,88,582,47,28,601,13,602],"_links":{"self":[{"href":"https:\/\/www.antifaschistische-linke.de\/index.php?rest_route=\/wp\/v2\/posts\/2852"}],"collection":[{"href":"https:\/\/www.antifaschistische-linke.de\/index.php?rest_route=\/wp\/v2\/posts"}],"about":[{"href":"https:\/\/www.antifaschistische-linke.de\/index.php?rest_route=\/wp\/v2\/types\/post"}],"author":[{"embeddable":true,"href":"https:\/\/www.antifaschistische-linke.de\/index.php?rest_route=\/wp\/v2\/users\/1"}],"replies":[{"embeddable":true,"href":"https:\/\/www.antifaschistische-linke.de\/index.php?rest_route=%2Fwp%2Fv2%2Fcomments&post=2852"}],"version-history":[{"count":0,"href":"https:\/\/www.antifaschistische-linke.de\/index.php?rest_route=\/wp\/v2\/posts\/2852\/revisions"}],"wp:attachment":[{"href":"https:\/\/www.antifaschistische-linke.de\/index.php?rest_route=%2Fwp%2Fv2%2Fmedia&parent=2852"}],"wp:term":[{"taxonomy":"category","embeddable":true,"href":"https:\/\/www.antifaschistische-linke.de\/index.php?rest_route=%2Fwp%2Fv2%2Fcategories&post=2852"},{"taxonomy":"post_tag","embeddable":true,"href":"https:\/\/www.antifaschistische-linke.de\/index.php?rest_route=%2Fwp%2Fv2%2Ftags&post=2852"}],"curies":[{"name":"wp","href":"https:\/\/api.w.org\/{rel}","templated":true}]}}