{"id":2861,"date":"2014-03-16T14:58:24","date_gmt":"2014-03-16T13:58:24","guid":{"rendered":"http:\/\/www.antifaschistische-linke.de\/?p=2861"},"modified":"2014-03-16T14:58:24","modified_gmt":"2014-03-16T13:58:24","slug":"700-auf-bleiberechtsdemo-in-freiburg","status":"publish","type":"post","link":"https:\/\/www.antifaschistische-linke.de\/?p=2861","title":{"rendered":"700 auf Bleiberechtsdemo in Freiburg"},"content":{"rendered":"<p><img decoding=\"async\" alt=\"antifaklein\" src=\"http:\/\/www.antifaschistische-linke.de\/Bilder\/afalogoklein.png\" align=\"left\" \/><em>Sonntag, 16.03.2014.<\/em><br \/>\n<strong>Freiburg. <\/strong> Gestern demonstrierten rund 700 Menschen auf einer Demonstration f\u00fcr ein humant\u00e4res Bleiberecht und gegen Abschiebungen durch Freiburg. In einem breiten B\u00fcndnis hatte ungef\u00e4hr 40 Gruppen und Organisationen im Vorfeld zur aufgerufen. In Freiburg leben mindestens 500 Roma-Fl\u00fcchtlinge mit unsicherem Status in der st\u00e4ndigen Gefahr abgeschoben zu werden. Das n\u00e4chsten Treffen des <a href=\"http:\/\/www.aktionbleiberecht.de\/?page_id=1582\">Freiburger Forums aktiv gegen Ausgrenzung<\/a> findet am Mittwoch, den 26. M\u00e4rz um 20 Uhr im <a href=\"http:\/\/www.aktionbleiberecht.de\/?page_id=1582\">Kommunalen Kino Freiburg<\/a> in der Urachstr. 40 statt.<\/p>\n","protected":false},"excerpt":{"rendered":"<p>Sonntag, 16.03.2014. Freiburg. Gestern demonstrierten rund 700 Menschen auf einer Demonstration f\u00fcr ein humant\u00e4res Bleiberecht und gegen Abschiebungen durch Freiburg. In einem breiten B\u00fcndnis hatte ungef\u00e4hr 40 Gruppen und Organisationen im Vorfeld zur aufgerufen. In Freiburg leben mindestens 500 Roma-Fl\u00fcchtlinge mit unsicherem Status in der st\u00e4ndigen Gefahr abgeschoben zu werden. Das n\u00e4chsten Treffen des Freiburger [&hellip;]<\/p>\n","protected":false},"author":1,"featured_media":0,"comment_status":"closed","ping_status":"closed","sticky":false,"template":"","format":"standard","meta":[],"categories":[10,1,3],"tags":[579,123,500,603,28,13],"_links":{"self":[{"href":"https:\/\/www.antifaschistische-linke.de\/index.php?rest_route=\/wp\/v2\/posts\/2861"}],"collection":[{"href":"https:\/\/www.antifaschistische-linke.de\/index.php?rest_route=\/wp\/v2\/posts"}],"about":[{"href":"https:\/\/www.antifaschistische-linke.de\/index.php?rest_route=\/wp\/v2\/types\/post"}],"author":[{"embeddable":true,"href":"https:\/\/www.antifaschistische-linke.de\/index.php?rest_route=\/wp\/v2\/users\/1"}],"replies":[{"embeddable":true,"href":"https:\/\/www.antifaschistische-linke.de\/index.php?rest_route=%2Fwp%2Fv2%2Fcomments&post=2861"}],"version-history":[{"count":0,"href":"https:\/\/www.antifaschistische-linke.de\/index.php?rest_route=\/wp\/v2\/posts\/2861\/revisions"}],"wp:attachment":[{"href":"https:\/\/www.antifaschistische-linke.de\/index.php?rest_route=%2Fwp%2Fv2%2Fmedia&parent=2861"}],"wp:term":[{"taxonomy":"category","embeddable":true,"href":"https:\/\/www.antifaschistische-linke.de\/index.php?rest_route=%2Fwp%2Fv2%2Fcategories&post=2861"},{"taxonomy":"post_tag","embeddable":true,"href":"https:\/\/www.antifaschistische-linke.de\/index.php?rest_route=%2Fwp%2Fv2%2Ftags&post=2861"}],"curies":[{"name":"wp","href":"https:\/\/api.w.org\/{rel}","templated":true}]}}