{"id":2905,"date":"2014-03-31T18:12:35","date_gmt":"2014-03-31T16:12:35","guid":{"rendered":"http:\/\/www.antifaschistische-linke.de\/?p=2905"},"modified":"2014-03-31T18:12:35","modified_gmt":"2014-03-31T16:12:35","slug":"amtsgericht-freiburg-ordnet-raeumung-an","status":"publish","type":"post","link":"https:\/\/www.antifaschistische-linke.de\/?p=2905","title":{"rendered":"Amtsgericht Freiburg ordnet R\u00e4umung an"},"content":{"rendered":"<p><img decoding=\"async\" alt=\"rot\" src=\"http:\/\/www.antifaschistische-linke.de\/Bilder\/roterstern.png\" align=\"left\" \/><em>Montag, 31.03.2014<\/em><br \/>\n<strong>Freiburg. <\/strong> Das Amtsgericht Freiburg hat heute <a href=\"https:\/\/rdl.de\/beitrag\/urteil-zu-sauer-wohnung-amtsgericht-ordnet-r-umung\">entschieden<\/a>, dass eine sechsk\u00f6pfige Familie aus Freiburg ihre Wohnung zum 30. Juni verlassen muss. Die von <a href=\"https:\/\/rdl.de\/beitrag\/freiburger-familie-von-zwangsr-umung-bedroht\">Sauer Immobilien verwaltete Wohnung ist Eigentum der S\u00fcdwestdeutschen Bauunion<\/a>. Anlass f\u00fcr die K\u00fcndigung war, dass die Miete zwar immer bezahlt wurde, allerdings mehrfach mit Verz\u00f6gerung. Besonders prisant an diesem Fall ist, dass das <a href=\"http:\/\/www.rechtaufstadt-freiburg.de\/2014\/03\/pm-sechskoepfiger-familie-droht-nach-16-jahren-zwangsraeumung-durch-suedwestdeutsche-bauunion-und-sauer-immobilien\/\">Jobcenter in diesem Fall daf\u00fcr zust\u00e4ndig war die Miete zu \u00fcberweisen<\/a>. Immer mehr g\u00fcnstiger Wohnraum und Freiburg wird entmietet und aufgewertet und anschlie\u00dfend teurer wieder vermietet.<\/p>\n","protected":false},"excerpt":{"rendered":"<p>Montag, 31.03.2014 Freiburg. Das Amtsgericht Freiburg hat heute entschieden, dass eine sechsk\u00f6pfige Familie aus Freiburg ihre Wohnung zum 30. Juni verlassen muss. Die von Sauer Immobilien verwaltete Wohnung ist Eigentum der S\u00fcdwestdeutschen Bauunion. Anlass f\u00fcr die K\u00fcndigung war, dass die Miete zwar immer bezahlt wurde, allerdings mehrfach mit Verz\u00f6gerung. Besonders prisant an diesem Fall ist, [&hellip;]<\/p>\n","protected":false},"author":1,"featured_media":0,"comment_status":"closed","ping_status":"closed","sticky":false,"template":"","format":"standard","meta":[],"categories":[3,4],"tags":[620,617,13,463,616,619,618,615,621],"_links":{"self":[{"href":"https:\/\/www.antifaschistische-linke.de\/index.php?rest_route=\/wp\/v2\/posts\/2905"}],"collection":[{"href":"https:\/\/www.antifaschistische-linke.de\/index.php?rest_route=\/wp\/v2\/posts"}],"about":[{"href":"https:\/\/www.antifaschistische-linke.de\/index.php?rest_route=\/wp\/v2\/types\/post"}],"author":[{"embeddable":true,"href":"https:\/\/www.antifaschistische-linke.de\/index.php?rest_route=\/wp\/v2\/users\/1"}],"replies":[{"embeddable":true,"href":"https:\/\/www.antifaschistische-linke.de\/index.php?rest_route=%2Fwp%2Fv2%2Fcomments&post=2905"}],"version-history":[{"count":0,"href":"https:\/\/www.antifaschistische-linke.de\/index.php?rest_route=\/wp\/v2\/posts\/2905\/revisions"}],"wp:attachment":[{"href":"https:\/\/www.antifaschistische-linke.de\/index.php?rest_route=%2Fwp%2Fv2%2Fmedia&parent=2905"}],"wp:term":[{"taxonomy":"category","embeddable":true,"href":"https:\/\/www.antifaschistische-linke.de\/index.php?rest_route=%2Fwp%2Fv2%2Fcategories&post=2905"},{"taxonomy":"post_tag","embeddable":true,"href":"https:\/\/www.antifaschistische-linke.de\/index.php?rest_route=%2Fwp%2Fv2%2Ftags&post=2905"}],"curies":[{"name":"wp","href":"https:\/\/api.w.org\/{rel}","templated":true}]}}