{"id":2923,"date":"2014-04-04T17:50:20","date_gmt":"2014-04-04T15:50:20","guid":{"rendered":"http:\/\/www.antifaschistische-linke.de\/?p=2923"},"modified":"2014-04-24T00:11:16","modified_gmt":"2014-04-23T22:11:16","slug":"blockupy-freiburg-veranstaltung-toedliche-textilien","status":"publish","type":"post","link":"https:\/\/www.antifaschistische-linke.de\/?p=2923","title":{"rendered":"[Update!] Blockupy Freiburg: Veranstaltung &#8222;t\u00f6dliche Textilien&#8220;"},"content":{"rendered":"<p><strong>\u00dcber Geschmack l\u00e4sst sich streiten \u2013 \u00fcber Ausbeutung nicht!<\/strong><br \/>\n<em>Zum Jahrestag des Rana-Plaza Einsturzes am 24. April<br \/>\n<del><i>Referentin: Zehra Khan, Generalsekret\u00e4rin der Homebased Women Workers Federation (HBWWF),\u00a0 Pakistan<\/i><\/del><br \/>\n<strong>24. April 2014 | 19:30 Uhr | Universit\u00e4t freiburg KG I H\u00f6rsaal 1098<\/strong><\/em><\/p>\n<p>Ge\u00e4nderte Referenten: Die Veranstaltung zum Jahrestag des Einsturzes der Textilfabrik Rana Plaza kann nicht geplant mit der pakistanischen Gewerkschafterin Zehra Khan stattfinden. Die deutschen Einreisebeh\u00f6rden verweigern Zehra das Schengen-Visum. Stattdessen wird Thomas Seibert von medico international zu dem Thema sprechen.<\/p>\n<p>Veranstaltet von: Antifaschistische Linke Freiburg\u00a0 im Rahmen der <a href=\"http:\/\/www.http:\/\/blockupy-freiburg.tk\">Blockupy-Freiburg<\/a> Veranstaltungsreihe, unterst\u00fctzt von \u201cZ\u00fcndstoff\u201d<\/p>\n<p><a href=\"http:\/\/www.antifaschistische-linke.de\/wp-content\/uploads\/t\u00f6dltext-flyer-web.jpg\"><img decoding=\"async\" loading=\"lazy\" class=\"alignleft size-medium wp-image-2928\" alt=\"t\u00f6dltext-flyer-web\" src=\"http:\/\/www.antifaschistische-linke.de\/wp-content\/uploads\/t\u00f6dltext-flyer-web-213x300.jpg\" width=\"213\" height=\"300\" \/><\/a>Der 24. April ist der Jahrestag des Rana Plaza-Einsturzes bei der mehr als 1127 Menschen get\u00f6tet und 2438 verletzt wurden. Als ein vorl\u00e4ufiger H\u00f6hepunkt einer ganzen Serie von Katastrophen begr\u00e4bt an diesem Datum 2013 ein neun st\u00f6ckiges Hochhaus in Bangladesch Tausende N\u00e4herinnen und N\u00e4her unter sich. Der Einsturz des Rana Plaza Komplex l\u00f6st sogar hierzulande Diskussionen \u00fcber die m\u00f6rderischen Bedingungen in der Textilindustrie aus. Nicht zuletzt weil auch deutsche Unternehmen dort produzieren lie\u00dfen. Am 11. September 2012 verbrennen bei einem Brand in einer Textilindustrie in Karatschi in Pakistan 300 Menschen. Am 24. November 2012 ereignet sich wieder ein Gro\u00dfband in einer Textilfabrik, diesmal in Dhaka. 100 Menschen sterben, weil sich Stromleitungen entz\u00fcnden und Brandschutz als entbehrlich galt. Am 24. April 2013 folgt in Savar, ebenfalls in Bangladesch, die bislang verheerendste Katastrophe.<\/p>\n<p>Am traurigen Jahrestag des Einsturzes haben wir Zehra Khan, Generalsekret\u00e4rin der Homebased Women Workers Federation (HBWWF) aus Karatschi, Pakistan eingeladen, um auf die unmenschlichen Arbeits- und Lebensbedingungen hinzuweisen, die in direkter Verbindung mit einem weltweiten ausbeuterischen Wirtschaftssystem stehen. <a href=\"http:\/\/blockupyfreiburg.blogsport.eu\/2014\/03\/30\/veranstaltung-toedliche-textilien\/#more-308\">Weiterlesen \u2192<\/a><\/p>\n<p><strong>24.04.2014 | 19.30 Uhr | Uni Freiburg, H\u00f6rsaal 1098<\/strong><\/p>\n<p><em>Eine Veranstaltung der Antifaschistischen Linken Freiburg, im Rahmen der Blockupy-Freiburg Veranstaltungsreihe, in Zusammenarbeit mit <a href=\"http:\/\/www.medico.de\/themen\/aktion\/textil\/\">medico International<\/a> und der <a href=\"http:\/\/www.dazwischengehen.org\">interventionistischen Linken<\/a> Karlsruhe.<\/em><\/p>\n","protected":false},"excerpt":{"rendered":"<p>\u00dcber Geschmack l\u00e4sst sich streiten \u2013 \u00fcber Ausbeutung nicht! Zum Jahrestag des Rana-Plaza Einsturzes am 24. April Referentin: Zehra Khan, Generalsekret\u00e4rin der Homebased Women Workers Federation (HBWWF),\u00a0 Pakistan 24. April 2014 | 19:30 Uhr | Universit\u00e4t freiburg KG I H\u00f6rsaal 1098 Ge\u00e4nderte Referenten: Die Veranstaltung zum Jahrestag des Einsturzes der Textilfabrik Rana Plaza kann nicht [&hellip;]<\/p>\n","protected":false},"author":1,"featured_media":0,"comment_status":"closed","ping_status":"closed","sticky":false,"template":"","format":"standard","meta":[],"categories":[4,7,11],"tags":[],"_links":{"self":[{"href":"https:\/\/www.antifaschistische-linke.de\/index.php?rest_route=\/wp\/v2\/posts\/2923"}],"collection":[{"href":"https:\/\/www.antifaschistische-linke.de\/index.php?rest_route=\/wp\/v2\/posts"}],"about":[{"href":"https:\/\/www.antifaschistische-linke.de\/index.php?rest_route=\/wp\/v2\/types\/post"}],"author":[{"embeddable":true,"href":"https:\/\/www.antifaschistische-linke.de\/index.php?rest_route=\/wp\/v2\/users\/1"}],"replies":[{"embeddable":true,"href":"https:\/\/www.antifaschistische-linke.de\/index.php?rest_route=%2Fwp%2Fv2%2Fcomments&post=2923"}],"version-history":[{"count":0,"href":"https:\/\/www.antifaschistische-linke.de\/index.php?rest_route=\/wp\/v2\/posts\/2923\/revisions"}],"wp:attachment":[{"href":"https:\/\/www.antifaschistische-linke.de\/index.php?rest_route=%2Fwp%2Fv2%2Fmedia&parent=2923"}],"wp:term":[{"taxonomy":"category","embeddable":true,"href":"https:\/\/www.antifaschistische-linke.de\/index.php?rest_route=%2Fwp%2Fv2%2Fcategories&post=2923"},{"taxonomy":"post_tag","embeddable":true,"href":"https:\/\/www.antifaschistische-linke.de\/index.php?rest_route=%2Fwp%2Fv2%2Ftags&post=2923"}],"curies":[{"name":"wp","href":"https:\/\/api.w.org\/{rel}","templated":true}]}}