{"id":2932,"date":"2014-04-10T13:44:57","date_gmt":"2014-04-10T11:44:57","guid":{"rendered":"http:\/\/www.antifaschistische-linke.de\/?p=2932"},"modified":"2014-04-11T15:00:22","modified_gmt":"2014-04-11T13:00:22","slug":"perspektive-kommunismus-gegruendet","status":"publish","type":"post","link":"https:\/\/www.antifaschistische-linke.de\/?p=2932","title":{"rendered":"Perspektive Kommunismus gegr\u00fcndet"},"content":{"rendered":"<p><img decoding=\"async\" alt=\"rot\" src=\"http:\/\/www.antifaschistische-linke.de\/Bilder\/roterstern.png\" align=\"left\" \/><em>Montag, 14.04.2014<\/em><br \/>\n<strong>Bundesweit. <\/strong>Anfang April haben verschiedene Gruppen aus Berlin, Hamburg, Stuttgart, M\u00fcnchen, Mannheim und Villingen Schwenningen nach einem l\u00e4ngeren Organisierungsprozess die <a href=\"http:\/\/perspektive-kommunismus.org\/\">&#8222;Perspektive Kommunismus&#8220;<\/a> gegr\u00fcndet. Ziel der Organisation ist es unter anderem, &#8222;die Basis f\u00fcr (&#8230;) (eine kommunistische Organisation) (&#8230;) zu schaffen und der Zersplitterung der revolution\u00e4ren Linken in der BRD entgegen zu wirken.&#8220; Weiterhin will die Perspektive Kommunismus &#8222;von einem proletarischen Klassenstandpunkt aus die Perspektive einer klassenlosen Gesellschaft, des Kommunismus, wieder auf die Tagesordnung setzen.&#8220;<\/p>\n","protected":false},"excerpt":{"rendered":"<p>Montag, 14.04.2014 Bundesweit. Anfang April haben verschiedene Gruppen aus Berlin, Hamburg, Stuttgart, M\u00fcnchen, Mannheim und Villingen Schwenningen nach einem l\u00e4ngeren Organisierungsprozess die &#8222;Perspektive Kommunismus&#8220; gegr\u00fcndet. Ziel der Organisation ist es unter anderem, &#8222;die Basis f\u00fcr (&#8230;) (eine kommunistische Organisation) (&#8230;) zu schaffen und der Zersplitterung der revolution\u00e4ren Linken in der BRD entgegen zu wirken.&#8220; Weiterhin [&hellip;]<\/p>\n","protected":false},"author":1,"featured_media":0,"comment_status":"closed","ping_status":"closed","sticky":false,"template":"","format":"standard","meta":[],"categories":[3,4],"tags":[64,641,640,344,155,885,639,120],"_links":{"self":[{"href":"https:\/\/www.antifaschistische-linke.de\/index.php?rest_route=\/wp\/v2\/posts\/2932"}],"collection":[{"href":"https:\/\/www.antifaschistische-linke.de\/index.php?rest_route=\/wp\/v2\/posts"}],"about":[{"href":"https:\/\/www.antifaschistische-linke.de\/index.php?rest_route=\/wp\/v2\/types\/post"}],"author":[{"embeddable":true,"href":"https:\/\/www.antifaschistische-linke.de\/index.php?rest_route=\/wp\/v2\/users\/1"}],"replies":[{"embeddable":true,"href":"https:\/\/www.antifaschistische-linke.de\/index.php?rest_route=%2Fwp%2Fv2%2Fcomments&post=2932"}],"version-history":[{"count":0,"href":"https:\/\/www.antifaschistische-linke.de\/index.php?rest_route=\/wp\/v2\/posts\/2932\/revisions"}],"wp:attachment":[{"href":"https:\/\/www.antifaschistische-linke.de\/index.php?rest_route=%2Fwp%2Fv2%2Fmedia&parent=2932"}],"wp:term":[{"taxonomy":"category","embeddable":true,"href":"https:\/\/www.antifaschistische-linke.de\/index.php?rest_route=%2Fwp%2Fv2%2Fcategories&post=2932"},{"taxonomy":"post_tag","embeddable":true,"href":"https:\/\/www.antifaschistische-linke.de\/index.php?rest_route=%2Fwp%2Fv2%2Ftags&post=2932"}],"curies":[{"name":"wp","href":"https:\/\/api.w.org\/{rel}","templated":true}]}}