{"id":2934,"date":"2014-04-11T14:51:09","date_gmt":"2014-04-11T12:51:09","guid":{"rendered":"http:\/\/www.antifaschistische-linke.de\/?p=2934"},"modified":"2014-04-11T14:59:27","modified_gmt":"2014-04-11T12:59:27","slug":"interview-jungewelt","status":"publish","type":"post","link":"https:\/\/www.antifaschistische-linke.de\/?p=2934","title":{"rendered":"Interview mit uns in der jungen Welt"},"content":{"rendered":"<p><img decoding=\"async\" alt=\"antifaklein\" src=\"http:\/\/www.antifaschistische-linke.de\/Bilder\/afalogoklein.png\" align=\"left\" \/><em>Freitag, 11.04.2014.<\/em><br \/>\n<strong>Freiburg\/Berlin. <\/strong> In der heutigen Ausgabe der <a href=\"http:\/\/www.jungewelt.de\/\">jungen Welt<\/a> ist ein <a href=\"http:\/\/www.jungewelt.de\/2014\/04-11\/032.php\">Interview<\/a> mit uns abgedruckt. Im Interview geht es um gegenw\u00e4rtige Herausforderungen f\u00fcr die Antifabewegung in der BRD und Europaweit, Hetze gegen Fl\u00fcchtlinge, den NSU, die Situation in Baden-W\u00fcrttemberg und den heute beginnenden Kongress <a href=\"http:\/\/www.antifa-kongress.org\/\">&#8222;Antifa in der Krise&#8220;<\/a> in Berlin.<\/p>\n","protected":false},"excerpt":{"rendered":"<p>Freitag, 11.04.2014. Freiburg\/Berlin. In der heutigen Ausgabe der jungen Welt ist ein Interview mit uns abgedruckt. Im Interview geht es um gegenw\u00e4rtige Herausforderungen f\u00fcr die Antifabewegung in der BRD und Europaweit, Hetze gegen Fl\u00fcchtlinge, den NSU, die Situation in Baden-W\u00fcrttemberg und den heute beginnenden Kongress &#8222;Antifa in der Krise&#8220; in Berlin.<\/p>\n","protected":false},"author":1,"featured_media":0,"comment_status":"closed","ping_status":"closed","sticky":false,"template":"","format":"standard","meta":[],"categories":[1,3,7],"tags":[520,879,64,643,140,49,606],"_links":{"self":[{"href":"https:\/\/www.antifaschistische-linke.de\/index.php?rest_route=\/wp\/v2\/posts\/2934"}],"collection":[{"href":"https:\/\/www.antifaschistische-linke.de\/index.php?rest_route=\/wp\/v2\/posts"}],"about":[{"href":"https:\/\/www.antifaschistische-linke.de\/index.php?rest_route=\/wp\/v2\/types\/post"}],"author":[{"embeddable":true,"href":"https:\/\/www.antifaschistische-linke.de\/index.php?rest_route=\/wp\/v2\/users\/1"}],"replies":[{"embeddable":true,"href":"https:\/\/www.antifaschistische-linke.de\/index.php?rest_route=%2Fwp%2Fv2%2Fcomments&post=2934"}],"version-history":[{"count":0,"href":"https:\/\/www.antifaschistische-linke.de\/index.php?rest_route=\/wp\/v2\/posts\/2934\/revisions"}],"wp:attachment":[{"href":"https:\/\/www.antifaschistische-linke.de\/index.php?rest_route=%2Fwp%2Fv2%2Fmedia&parent=2934"}],"wp:term":[{"taxonomy":"category","embeddable":true,"href":"https:\/\/www.antifaschistische-linke.de\/index.php?rest_route=%2Fwp%2Fv2%2Fcategories&post=2934"},{"taxonomy":"post_tag","embeddable":true,"href":"https:\/\/www.antifaschistische-linke.de\/index.php?rest_route=%2Fwp%2Fv2%2Ftags&post=2934"}],"curies":[{"name":"wp","href":"https:\/\/api.w.org\/{rel}","templated":true}]}}