{"id":2950,"date":"2014-04-14T16:30:19","date_gmt":"2014-04-14T14:30:19","guid":{"rendered":"http:\/\/www.antifaschistische-linke.de\/?p=2950"},"modified":"2014-04-16T16:56:06","modified_gmt":"2014-04-16T14:56:06","slug":"podium-revo%c2%adlu%c2%adtio%c2%adnaere-poli%c2%adtik-in-nicht-revo%c2%adlu%c2%adtio%c2%adnae%c2%adren-zei%c2%adten","status":"publish","type":"post","link":"https:\/\/www.antifaschistische-linke.de\/?p=2950","title":{"rendered":"Podiumsdiskussion: \u201eRevo\u00adlu\u00adtio\u00adn\u00e4re Poli\u00adtik in nicht\u2013 revo\u00adlu\u00adtio\u00adn\u00e4\u00adren Zei\u00adten\u201c"},"content":{"rendered":"<p><strong>Was eine Linke tun sollte, die wieder relevant werden will!<\/strong><br \/>\n<a href=\"http:\/\/www.antifaschistische-linke.de\/wp-content\/uploads\/headerhpreal.jpg\"><img decoding=\"async\" loading=\"lazy\" class=\"alignleft  wp-image-2959\" alt=\"headerhpreal\" src=\"http:\/\/www.antifaschistische-linke.de\/wp-content\/uploads\/headerhpreal.jpg\" width=\"526\" height=\"110\" \/><\/a><\/p>\n<p>Mit: Einer Vertreterin der Gewerkschaftslinken (Stuttgart), einer Vertreterin der Interventionistischen Linken (Frankfurt) und einem Vertreter des Sprecherrat der Deutschen Kommunistischen Partei Freiburg<br \/>\n<strong>Freitag | 25.April | 20 Uhr | Linkes Zentrum Freiburg <em>\u00a1adelante!<\/em><\/strong><\/p>\n<p style=\"text-align: justify;\">W\u00e4hrend die BRD die europ\u00e4ische Peripherie herunterwirtschaftet und sich gro\u00dfe Teile der betroffenen Gesellschaften gegen von der Troika aus Europ\u00e4ischer Zentralbank (EZB), Internationalem W\u00e4hrungsfond (IWF) und EU-Komission aufgeb\u00fcrdete Sparma\u00dfnahmen auflehnen, bleiben die Proteste gegen die vor allem von der BRD forcierten autorit\u00e4ren Krisenl\u00f6sungen mit Ausnahme von Blockupy kaum wahrnehmbar.<\/p>\n<p style=\"text-align: justify;\">Der DGB beteiligt sich bestenfalls halbherzig an einem europaweiten Generalstreik der Gewerkschaften, mit dem Verweis auf gef\u00e4hrdete deutsche Wettbewerbsf\u00e4higkeit werden immer krassere Einschr\u00e4nkungen hingenommen.<\/p>\n<p style=\"text-align: justify;\">Wir leben in bewegungsarmen Zeiten. Die Schw\u00e4che der Linken ist seit Jahren offensichtlich. Eine starke, kontinuierlich arbeitende antikapitalistische Bewegung, die in der Lage w\u00e4re, sich gesellschaftlich Geh\u00f6r zu verschaffen und auf \u00f6ffentliche Debatten einzuwirken, besteht lediglich in Ans\u00e4tzen.<\/p>\n<p style=\"text-align: justify;\">Wir wollen diskutieren, was eine Linke tun sollte, die aus dieser Schw\u00e4che ausbrechen will und, gerade angesichts eines zunehmenden gesellschaftlichen reaktion\u00e4ren Roll-Backs, eine Diskussion \u00fcber Alternativen zu Leiharbeit, Leistungsk\u00fcrzungen und chauvinistischem Sprech, auf die Tagesordnung setzen zu k\u00f6nnen. Der Kapitalismus als Wirtschaftssystem, der Siegeszug des Neoliberalismus in s\u00e4mtlichen Lebensbereichen werden als alternativlos dargestellt. Daher soll es auch um konkrete Aktionsm\u00f6glichkeiten und Politikans\u00e4tze der Linken gehen.<\/p>\n<p>Im Anschluss an die Veranstaltung wird noch die Freitags-Kneipe im Linken Zentrum stattfinden.<\/p>\n<p>Am 1.Mai findet auf der DGB-Demo auch wieder ein Antikapitalistischer Block statt:<br \/>\nTreffpunkt 10.30 Uhr | St\u00fchlinger Kirchplatz<\/p>\n<p>Eine Veranstaltung der Antifaschistischen Linken Freiburg im Rahmen der &#8222;Initiative f\u00fcr einen Antikapitalistischen Block auf der DGB-Demo.&#8220;<\/p>\n","protected":false},"excerpt":{"rendered":"<p>Was eine Linke tun sollte, die wieder relevant werden will! Mit: Einer Vertreterin der Gewerkschaftslinken (Stuttgart), einer Vertreterin der Interventionistischen Linken (Frankfurt) und einem Vertreter des Sprecherrat der Deutschen Kommunistischen Partei Freiburg Freitag | 25.April | 20 Uhr | Linkes Zentrum Freiburg \u00a1adelante! W\u00e4hrend die BRD die europ\u00e4ische Peripherie herunterwirtschaftet und sich gro\u00dfe Teile der [&hellip;]<\/p>\n","protected":false},"author":1,"featured_media":0,"comment_status":"closed","ping_status":"closed","sticky":false,"template":"","format":"standard","meta":[],"categories":[6,4],"tags":[424,86,127,177,352],"_links":{"self":[{"href":"https:\/\/www.antifaschistische-linke.de\/index.php?rest_route=\/wp\/v2\/posts\/2950"}],"collection":[{"href":"https:\/\/www.antifaschistische-linke.de\/index.php?rest_route=\/wp\/v2\/posts"}],"about":[{"href":"https:\/\/www.antifaschistische-linke.de\/index.php?rest_route=\/wp\/v2\/types\/post"}],"author":[{"embeddable":true,"href":"https:\/\/www.antifaschistische-linke.de\/index.php?rest_route=\/wp\/v2\/users\/1"}],"replies":[{"embeddable":true,"href":"https:\/\/www.antifaschistische-linke.de\/index.php?rest_route=%2Fwp%2Fv2%2Fcomments&post=2950"}],"version-history":[{"count":0,"href":"https:\/\/www.antifaschistische-linke.de\/index.php?rest_route=\/wp\/v2\/posts\/2950\/revisions"}],"wp:attachment":[{"href":"https:\/\/www.antifaschistische-linke.de\/index.php?rest_route=%2Fwp%2Fv2%2Fmedia&parent=2950"}],"wp:term":[{"taxonomy":"category","embeddable":true,"href":"https:\/\/www.antifaschistische-linke.de\/index.php?rest_route=%2Fwp%2Fv2%2Fcategories&post=2950"},{"taxonomy":"post_tag","embeddable":true,"href":"https:\/\/www.antifaschistische-linke.de\/index.php?rest_route=%2Fwp%2Fv2%2Ftags&post=2950"}],"curies":[{"name":"wp","href":"https:\/\/api.w.org\/{rel}","templated":true}]}}