{"id":2989,"date":"2014-04-18T18:04:35","date_gmt":"2014-04-18T16:04:35","guid":{"rendered":"http:\/\/www.antifaschistische-linke.de\/?p=2989"},"modified":"2014-04-18T18:04:35","modified_gmt":"2014-04-18T16:04:35","slug":"veranstaltung-der-nsu-und-seine-kontakte-nach-baden-wuerttemberg-in-offenburg","status":"publish","type":"post","link":"https:\/\/www.antifaschistische-linke.de\/?p=2989","title":{"rendered":"Veranstaltung &#8222;Der NSU und seine Kontakte nach Baden-W\u00fcrttemberg.&#8220; in Offenburg"},"content":{"rendered":"<p><img decoding=\"async\" alt=\"antifaklein\" src=\"http:\/\/www.antifaschistische-linke.de\/Bilder\/afalogoklein.png\" align=\"left\" \/><em>Freitag, 18.04.2014.<\/em><br \/>\n<strong>Offenburg. <\/strong>Die <a href=\"http:\/\/linksjugend-solid-bw.de\/ortenau\/\">LinksjugendSolid.Ortenau<\/a>, die Linke Ortenau und die IG-Metall Offenburg laden zum Vortrag mit Janka Kluge (VVN-BdA) zum Thema: &#8222;Der NSU und seine Kontakte nach Baden-W\u00fcrttemberg.&#8220; Der Vortrag beginnt um 19:30Uhr im alevitischen Zentrum Offenburg (Otto-Hahn-Stra\u00dfe 9a).\u00a0 Zur Verwicklung der NSU nach Baden-W\u00fcrttemberg gabs letztes Sp\u00e4tjahr <a href=\"http:\/\/www.antifaschistische-linke.de\/?p=2042\">eine \u00fcberregionale Kampagne<\/a> mit Abschlussdemonstration in Heilbronn und der <a href=\"https:\/\/linksunten.indymedia.org\/de\/node\/98462\">Ver\u00f6ffentlichung einer Brosch\u00fcre zum Thema<\/a> von der <a href=\"http:\/\/ol-hn.org\/\">Organisierten Linken Heilbronn<\/a>. <a href=\"https:\/\/linksunten.indymedia.org\/en\/node\/100822\">Eine Auswertung zur Kampagne<\/a> kam von der<a href=\"http:\/\/antifaheilbronn.blogsport.de\"> Antifa Heilbronn<\/a>. Aktuelles zum seit mehr als einem Jahr in M\u00fcnchen laufenden Gerichtsverfahren findet ihr auf der Seite\u00a0<a href=\"http:\/\/www.nsu-watch.info\/hintergrund\/\"> NSU-watch<\/a>.<\/p>\n","protected":false},"excerpt":{"rendered":"<p>Freitag, 18.04.2014. Offenburg. Die LinksjugendSolid.Ortenau, die Linke Ortenau und die IG-Metall Offenburg laden zum Vortrag mit Janka Kluge (VVN-BdA) zum Thema: &#8222;Der NSU und seine Kontakte nach Baden-W\u00fcrttemberg.&#8220; Der Vortrag beginnt um 19:30Uhr im alevitischen Zentrum Offenburg (Otto-Hahn-Stra\u00dfe 9a).\u00a0 Zur Verwicklung der NSU nach Baden-W\u00fcrttemberg gabs letztes Sp\u00e4tjahr eine \u00fcberregionale Kampagne mit Abschlussdemonstration in Heilbronn [&hellip;]<\/p>\n","protected":false},"author":1,"featured_media":0,"comment_status":"closed","ping_status":"closed","sticky":false,"template":"","format":"standard","meta":[],"categories":[1,3],"tags":[879,647,154,146],"_links":{"self":[{"href":"https:\/\/www.antifaschistische-linke.de\/index.php?rest_route=\/wp\/v2\/posts\/2989"}],"collection":[{"href":"https:\/\/www.antifaschistische-linke.de\/index.php?rest_route=\/wp\/v2\/posts"}],"about":[{"href":"https:\/\/www.antifaschistische-linke.de\/index.php?rest_route=\/wp\/v2\/types\/post"}],"author":[{"embeddable":true,"href":"https:\/\/www.antifaschistische-linke.de\/index.php?rest_route=\/wp\/v2\/users\/1"}],"replies":[{"embeddable":true,"href":"https:\/\/www.antifaschistische-linke.de\/index.php?rest_route=%2Fwp%2Fv2%2Fcomments&post=2989"}],"version-history":[{"count":0,"href":"https:\/\/www.antifaschistische-linke.de\/index.php?rest_route=\/wp\/v2\/posts\/2989\/revisions"}],"wp:attachment":[{"href":"https:\/\/www.antifaschistische-linke.de\/index.php?rest_route=%2Fwp%2Fv2%2Fmedia&parent=2989"}],"wp:term":[{"taxonomy":"category","embeddable":true,"href":"https:\/\/www.antifaschistische-linke.de\/index.php?rest_route=%2Fwp%2Fv2%2Fcategories&post=2989"},{"taxonomy":"post_tag","embeddable":true,"href":"https:\/\/www.antifaschistische-linke.de\/index.php?rest_route=%2Fwp%2Fv2%2Ftags&post=2989"}],"curies":[{"name":"wp","href":"https:\/\/api.w.org\/{rel}","templated":true}]}}