{"id":3017,"date":"2014-04-26T18:08:48","date_gmt":"2014-04-26T16:08:48","guid":{"rendered":"http:\/\/www.antifaschistische-linke.de\/?p=3017"},"modified":"2014-06-17T14:07:36","modified_gmt":"2014-06-17T12:07:36","slug":"kicken-gegen-rassismus-in-buehl-und-freiburg","status":"publish","type":"post","link":"https:\/\/www.antifaschistische-linke.de\/?p=3017","title":{"rendered":"Kicken gegen Rassismus in B\u00fchl und Freiburg"},"content":{"rendered":"<p><img decoding=\"async\" alt=\"antifaklein\" src=\"http:\/\/www.antifaschistische-linke.de\/Bilder\/afalogoklein.png\" align=\"left\" \/><strong> <\/strong><em>Samstag, 26.04.2014.<\/em><br \/>\n<strong>Freiburg.<\/strong>In B\u00fchl findet am 14.Juni das mittlerweile 6. <a href=\"http:\/\/www.caracol-buehl.de\/kicken-gegen-rassismus-am-14-juni\/\">Kicken gegen Rassismus<\/a> ( <a href=\"https:\/\/linksunten.indymedia.org\/de\/node\/8691\">2009<\/a> | <a href=\"https:\/\/linksunten.indymedia.org\/de\/node\/20793\">2010<\/a> | <a href=\"https:\/\/linksunten.indymedia.org\/de\/node\/42283\">2011<\/a> | <a href=\"http:\/\/www.caracol-buehl.de\/buhler-jugend-setzt-ein-starkes-zeichen-gegen-rassismus\/\">2012<\/a> | <a href=\"http:\/\/www.caracol-buehl.de\/gemeinsam-ein-zeichen-gesetzt-uber-200-teilnehmer-beim-5-kicken-gegen-rassismus-daebi\/\">2013<\/a> ) statt. Anmelden k\u00f6nnt ihr euch unter kicken[\u00e4t]caracol-buehl.de bis zum 09. Juni 2014. In Freiburg macht das <a href=\"http:\/\/liz-freiburg.org\/oat\">Offene Antifa Treffen<\/a> immerhin schon dritte Kicken gegen Rassimus (<a href=\"https:\/\/linksunten.indymedia.org\/en\/node\/62963\">2012<\/a> | <a href=\"https:\/\/linksunten.indymedia.org\/de\/node\/91952\">2013<\/a> ) am 12.Juli. Letztes Jahr gabs in Freiburg zudem davor noch eine <a href=\"http:\/\/www.antifaschistische-linke.de\/?p=1797\">Veranstaltungsreihe zu Rassismus im Fu\u00dfball<\/a>. Save the date!<\/p>\n","protected":false},"excerpt":{"rendered":"<p>Samstag, 26.04.2014. Freiburg.In B\u00fchl findet am 14.Juni das mittlerweile 6. Kicken gegen Rassismus ( 2009 | 2010 | 2011 | 2012 | 2013 ) statt. Anmelden k\u00f6nnt ihr euch unter kicken[\u00e4t]caracol-buehl.de bis zum 09. Juni 2014. In Freiburg macht das Offene Antifa Treffen immerhin schon dritte Kicken gegen Rassimus (2012 | 2013 ) am 12.Juli. [&hellip;]<\/p>\n","protected":false},"author":1,"featured_media":0,"comment_status":"closed","ping_status":"closed","sticky":false,"template":"","format":"standard","meta":[],"categories":[1,3],"tags":[879,287,13,113],"_links":{"self":[{"href":"https:\/\/www.antifaschistische-linke.de\/index.php?rest_route=\/wp\/v2\/posts\/3017"}],"collection":[{"href":"https:\/\/www.antifaschistische-linke.de\/index.php?rest_route=\/wp\/v2\/posts"}],"about":[{"href":"https:\/\/www.antifaschistische-linke.de\/index.php?rest_route=\/wp\/v2\/types\/post"}],"author":[{"embeddable":true,"href":"https:\/\/www.antifaschistische-linke.de\/index.php?rest_route=\/wp\/v2\/users\/1"}],"replies":[{"embeddable":true,"href":"https:\/\/www.antifaschistische-linke.de\/index.php?rest_route=%2Fwp%2Fv2%2Fcomments&post=3017"}],"version-history":[{"count":0,"href":"https:\/\/www.antifaschistische-linke.de\/index.php?rest_route=\/wp\/v2\/posts\/3017\/revisions"}],"wp:attachment":[{"href":"https:\/\/www.antifaschistische-linke.de\/index.php?rest_route=%2Fwp%2Fv2%2Fmedia&parent=3017"}],"wp:term":[{"taxonomy":"category","embeddable":true,"href":"https:\/\/www.antifaschistische-linke.de\/index.php?rest_route=%2Fwp%2Fv2%2Fcategories&post=3017"},{"taxonomy":"post_tag","embeddable":true,"href":"https:\/\/www.antifaschistische-linke.de\/index.php?rest_route=%2Fwp%2Fv2%2Ftags&post=3017"}],"curies":[{"name":"wp","href":"https:\/\/api.w.org\/{rel}","templated":true}]}}