{"id":3025,"date":"2014-04-30T15:46:36","date_gmt":"2014-04-30T13:46:36","guid":{"rendered":"http:\/\/www.antifaschistische-linke.de\/?p=3025"},"modified":"2014-05-03T13:38:54","modified_gmt":"2014-05-03T11:38:54","slug":"auf-zu-blockupy-2014-und-den-anti-g7g8-protesten-2015","status":"publish","type":"post","link":"https:\/\/www.antifaschistische-linke.de\/?p=3025","title":{"rendered":"Auf zu &#8218;Blockupy&#8216; 2014 und den Anti-G7\/G8-Protesten 2015!"},"content":{"rendered":"<p><em>Wir haben ein gemeinsames Statement mit linksradikalen Gruppen und Organisierungen zu Blockupy 2014 und Anti-G7\/G8-Protesten 2015 unterzeichnet.<\/em><\/p>\n<blockquote><p>In den letzten Wochen haben sich mehrfach AktivistInnen aus unterschiedlichen Spektren der radikalen Linken getroffen und beraten, was unser Beitrag zur Mobilisierung auf die Blockupy-Aktionstage anl\u00e4sslich der Neuer\u00f6ffnung der EZB im Herbst\/Winter in Frankfurt sein wird. Bei allen weiterhin bestehenden Unterschieden in unseren Analysen und Strategien waren wir uns einig, dass wir dazu beitragen wollen, dass die im Rahmen der Blockupy-Aktionstage organisierten Aktivit\u00e4ten ein Erfolg werden.<\/p>\n<p>Wir werden im Herbst\/Winter nach Frankfurt fahren und in den Aktionen sowie auf der Demonstration solidarisch agieren, so wie wir auch eine etwaige Repression gemeinsam zur\u00fcckweisen werden.<\/p>\n<p>Viele von uns sehen auch im G7\/G8-Gipfel im Jahr 2015 im S\u00fcden Deutschlands einen weiteren wichtigen Ankn\u00fcpfungspunkt f\u00fcr solidarischen Protest der verschiedenen Spektren der linken Bewegung und wollen dazu mobilisieren.<\/p><\/blockquote>\n<p><a href=\"http:\/\/almuc.blogsport.eu\">Antikapitalistische Linke M\u00fcnchen (ALM)<\/a><br \/>\n<a href=\"http:\/\/www.antifaschistische-linke.de\">Antifaschistische Linke Freiburg<\/a><br \/>\n<a href=\"http:\/\/www.dazwischengehen.org\/\">Interventionistische Linke (iL)<\/a><br \/>\n<a href=\"http:\/\/www.redside.tk\/cms\/organisierte-autonomie\/\">Organisierte Autonomie (OA) N\u00fcrnberg<\/a><br \/>\n<a href=\"http:\/\/ol-hn.org\">Organisierte Linke Heilbronn<\/a><br \/>\n<a href=\"http:\/\/perspektive-kommunismus.org\">Perspektive Kommunismus<\/a><br \/>\n<a href=\"http:\/\/www.sdaj-netz.de\/\">Sozialistische Deutsche Arbeiterjugend (SDAJ)<\/a><br \/>\n<a href=\"http:\/\/zusammen-kaempfen.tk\/\">Zusammen<\/a> <a href=\"http:\/\/www.zk-stuttgart.tk\/\">K\u00e4mpfen<\/a> <a href=\"http:\/\/zk-berlin.bplaced.net\/\">(ZK)<\/a><br \/>\n<a href=\"http:\/\/3a.blogsport.de\">[3A]*-Revolution\u00e4res B\u00fcndnis<\/a><\/p>\n","protected":false},"excerpt":{"rendered":"<p>Wir haben ein gemeinsames Statement mit linksradikalen Gruppen und Organisierungen zu Blockupy 2014 und Anti-G7\/G8-Protesten 2015 unterzeichnet. In den letzten Wochen haben sich mehrfach AktivistInnen aus unterschiedlichen Spektren der radikalen Linken getroffen und beraten, was unser Beitrag zur Mobilisierung auf die Blockupy-Aktionstage anl\u00e4sslich der Neuer\u00f6ffnung der EZB im Herbst\/Winter in Frankfurt sein wird. Bei allen [&hellip;]<\/p>\n","protected":false},"author":1,"featured_media":0,"comment_status":"closed","ping_status":"closed","sticky":false,"template":"","format":"standard","meta":[],"categories":[10,5,8,6,4],"tags":[661,83,659,658,657,41,639,660],"_links":{"self":[{"href":"https:\/\/www.antifaschistische-linke.de\/index.php?rest_route=\/wp\/v2\/posts\/3025"}],"collection":[{"href":"https:\/\/www.antifaschistische-linke.de\/index.php?rest_route=\/wp\/v2\/posts"}],"about":[{"href":"https:\/\/www.antifaschistische-linke.de\/index.php?rest_route=\/wp\/v2\/types\/post"}],"author":[{"embeddable":true,"href":"https:\/\/www.antifaschistische-linke.de\/index.php?rest_route=\/wp\/v2\/users\/1"}],"replies":[{"embeddable":true,"href":"https:\/\/www.antifaschistische-linke.de\/index.php?rest_route=%2Fwp%2Fv2%2Fcomments&post=3025"}],"version-history":[{"count":0,"href":"https:\/\/www.antifaschistische-linke.de\/index.php?rest_route=\/wp\/v2\/posts\/3025\/revisions"}],"wp:attachment":[{"href":"https:\/\/www.antifaschistische-linke.de\/index.php?rest_route=%2Fwp%2Fv2%2Fmedia&parent=3025"}],"wp:term":[{"taxonomy":"category","embeddable":true,"href":"https:\/\/www.antifaschistische-linke.de\/index.php?rest_route=%2Fwp%2Fv2%2Fcategories&post=3025"},{"taxonomy":"post_tag","embeddable":true,"href":"https:\/\/www.antifaschistische-linke.de\/index.php?rest_route=%2Fwp%2Fv2%2Ftags&post=3025"}],"curies":[{"name":"wp","href":"https:\/\/api.w.org\/{rel}","templated":true}]}}