{"id":3027,"date":"2014-04-30T16:12:00","date_gmt":"2014-04-30T14:12:00","guid":{"rendered":"http:\/\/www.antifaschistische-linke.de\/?p=3027"},"modified":"2014-04-30T16:12:00","modified_gmt":"2014-04-30T14:12:00","slug":"hausdurchsuchung-bei-antifa-in-karlsruhe","status":"publish","type":"post","link":"https:\/\/www.antifaschistische-linke.de\/?p=3027","title":{"rendered":"Hausdurchsuchung bei Antifa in Karlsruhe"},"content":{"rendered":"<p><img decoding=\"async\" alt=\"\" src=\"http:\/\/www.antifaschistische-linke.de\/Bilder\/rotehilfeklein.jpg\" align=\"left\" \/> <em>Mittwoch, 30.04.2014<\/em><br \/>\n<strong>Karlsruhe. <\/strong> Am Morgen des 29. April 2014 wurde die <a href=\"http:\/\/rhka.wordpress.com\/2014\/04\/29\/hausdurchsuchung-bei-antifaschist-in-karlsruhe\/#more-348\">Wohnung eines Antifaschisten aus Karlsruhe durchsucht<\/a>. Als Grund f\u00fcr die Durchsuchung wurde das \u201eHerbeif\u00fchren einer Sprengstoffexplosion\u201c am 12.10.2013 in G\u00f6ppingen angef\u00fchrt. Auf Anordnung des Amtsgericht Ulm wurden mehrere Handys, ein Laptop, ein Computer, ein Rucksack und diverse Kleidungsst\u00fccke beschlagnahmt. Es ist nicht auszuschlie\u00dfen, dass weitere Repressionsma\u00dfnahmen folgen. Deshalb haltet eure Wohnungen sauber. Eine Brosch\u00fcre der Roten Hilfe zum Umgang bei Hausdurchsuchungen gibt es <a href=\"http:\/\/www.rote-hilfe.de\/index.php\/downloads\/category\/3-rechtshilfe-a-was-tun-wenns-brennt?download=10:infoflyer-hausdurchsuchung-was-tun\">hier<\/a>.<\/p>\n","protected":false},"excerpt":{"rendered":"<p>Mittwoch, 30.04.2014 Karlsruhe. Am Morgen des 29. April 2014 wurde die Wohnung eines Antifaschisten aus Karlsruhe durchsucht. Als Grund f\u00fcr die Durchsuchung wurde das \u201eHerbeif\u00fchren einer Sprengstoffexplosion\u201c am 12.10.2013 in G\u00f6ppingen angef\u00fchrt. Auf Anordnung des Amtsgericht Ulm wurden mehrere Handys, ein Laptop, ein Computer, ein Rucksack und diverse Kleidungsst\u00fccke beschlagnahmt. Es ist nicht auszuschlie\u00dfen, dass [&hellip;]<\/p>\n","protected":false},"author":1,"featured_media":0,"comment_status":"closed","ping_status":"closed","sticky":false,"template":"","format":"standard","meta":[],"categories":[1,8,3],"tags":[24,133,78],"_links":{"self":[{"href":"https:\/\/www.antifaschistische-linke.de\/index.php?rest_route=\/wp\/v2\/posts\/3027"}],"collection":[{"href":"https:\/\/www.antifaschistische-linke.de\/index.php?rest_route=\/wp\/v2\/posts"}],"about":[{"href":"https:\/\/www.antifaschistische-linke.de\/index.php?rest_route=\/wp\/v2\/types\/post"}],"author":[{"embeddable":true,"href":"https:\/\/www.antifaschistische-linke.de\/index.php?rest_route=\/wp\/v2\/users\/1"}],"replies":[{"embeddable":true,"href":"https:\/\/www.antifaschistische-linke.de\/index.php?rest_route=%2Fwp%2Fv2%2Fcomments&post=3027"}],"version-history":[{"count":0,"href":"https:\/\/www.antifaschistische-linke.de\/index.php?rest_route=\/wp\/v2\/posts\/3027\/revisions"}],"wp:attachment":[{"href":"https:\/\/www.antifaschistische-linke.de\/index.php?rest_route=%2Fwp%2Fv2%2Fmedia&parent=3027"}],"wp:term":[{"taxonomy":"category","embeddable":true,"href":"https:\/\/www.antifaschistische-linke.de\/index.php?rest_route=%2Fwp%2Fv2%2Fcategories&post=3027"},{"taxonomy":"post_tag","embeddable":true,"href":"https:\/\/www.antifaschistische-linke.de\/index.php?rest_route=%2Fwp%2Fv2%2Ftags&post=3027"}],"curies":[{"name":"wp","href":"https:\/\/api.w.org\/{rel}","templated":true}]}}