{"id":3045,"date":"2014-05-18T22:47:19","date_gmt":"2014-05-18T20:47:19","guid":{"rendered":"http:\/\/www.antifaschistische-linke.de\/?p=3045"},"modified":"2014-05-23T10:50:56","modified_gmt":"2014-05-23T08:50:56","slug":"solidaritaet-mit-dem-angeklagten-freiburger-antifaschisten","status":"publish","type":"post","link":"https:\/\/www.antifaschistische-linke.de\/?p=3045","title":{"rendered":"Solidarit\u00e4t mit dem angeklagten Freiburger Antifaschisten"},"content":{"rendered":"<p><a href=\"http:\/\/www.antifaschistische-linke.de\/wp-content\/uploads\/logo-rotehilfe11.jpg\"><img decoding=\"async\" loading=\"lazy\" class=\"alignleft  wp-image-2732\" alt=\"logo-rotehilfe1\" src=\"http:\/\/www.antifaschistische-linke.de\/wp-content\/uploads\/logo-rotehilfe11.jpg\" width=\"187\" height=\"163\" \/><\/a><strong>+++ Repression nach Protesten gegen Naziaufmarsch: Freiburger Antifaschist am 21.Mai in G\u00f6ppingen vor Gericht +++ Gemeinsame Anreise ab Freiburg +++ Unterst\u00fctzt die Solierkl\u00e4rung +++\u00a0<\/strong><\/p>\n<p>Am 12. Oktober 2013 folgten Freiburger Antifaschistinnen und Antifaschisten dem Aufruf des G\u00f6ppinger B\u00fcndnisses &#8222;Nazis Stoppen&#8220; um gemeinsam mit vielen anderen den angek\u00fcndigten Aufmarsch der &#8222;Autonomen Nationalisten G\u00f6ppingen&#8220; zu verhindern. Auf den Aufmarsch mobilisierten die Faschisten s\u00fcddeutschlandweit.<br \/>\nDie &#8222;AN G\u00f6ppingen&#8220; soll mittlerweile als kriminelle Vereinigung verboten werden.<br \/>\n<!--more--><br \/>\nSchon am Tag selbst sahen sich die etwa 1500 Gegendemonstrantinnen und Gegendemonstranten mit \u00e4u\u00dferst brutalem Vorgehen und massiver Repression seitens der Einsatzkr\u00e4fte konfrontiert. Stadtverwaltung und Polizei versuchten mit Verboten von Gegenkundgebungen, circa 2000 Einsatzkr\u00e4ften, etlichen Hamburger Gittern, Polizeihubschraubern, Wasserwerfern und R\u00e4umungsfahrzeugen die Nazidemo gegen den engagierten antifaschistischen Protest durchzusetzen. Die Bilanz des Tages sind 150 Verletzte, 15 davon schwer und 200 Ingewahrsamnnahmen. Doch damit nicht genug: Auch im Nachhinein versuchen die &#8222;Sicherheitsbeh\u00f6rden&#8220; antifaschistisches Engagement zu unterbinden und Menschen einzusch\u00fcchtern, die es nicht hinnehmen wollen, dass Faschisten ihre menschenverachtende Ideologie auf die Stra\u00dfen bringen.<\/p>\n<p>Ein Freiburger Antifaschist steht nun genau daf\u00fcr am 21.Mai in G\u00f6ppingen vor Gericht. Wir nehmen nicht hin, dass antifaschistischer Protest kriminalisiert wird! Wir werden uns auch weiterhin gemeinsam f\u00fcr eine solidarische Welt jenseits von Krieg und Faschismus stark machen und uns daher auch weiterhin faschistischen Aufm\u00e4rschen in den Weg stellen. Um die staatlichen Einsch\u00fcchterungsversuche ins Leere laufen zu lassen m\u00fcssen wir zusammenhalten und solidarisch mit all jenen sein, die sich f\u00fcr ihr Engagement mit staatlicher Repression konfrontiert sehen.<\/p>\n<p>Wir rufen alle Menschen dazu auf, sich mit dem betroffenen Antifaschisten zu solidarisieren und den Prozess zu begleiten. Antifaschistischer Widerstand ist legitim und notwendig, in G\u00f6ppingen und \u00fcberall! Wir lassen uns nicht einsch\u00fcchtern &#8211; Auf nach G\u00f6ppingen!<br \/>\n<strong>Mittwoch, 21.05 | 10 Uhr | Amtsgericht G\u00f6ppingen | Sitzungssaal 2.01 \/ 2. OG<\/strong> [Es ist mit Zugangskontrollen zu rechnen]<\/p>\n<p>Die Erkl\u00e4rung unterst\u00fctzen:<br \/>\nAntifaschistisches Aktionsb\u00fcndnis Stuttgart und Region [AABS]<br \/>\nAntifaschistische Aktion (Aufbau) Stuttgart<br \/>\nAntifaschistische Aktion [O] Villingen-Schwenningen<br \/>\nAnarchistische Gruppe Freiburg<br \/>\nAntifaschistische Linke B\u00fchl-Achern<br \/>\nAntifaschistische Linke Freiburg &#8211; ALFR<br \/>\nAntifaschistische Gruppe G\u00f6ppingen<br \/>\nArbeitskreis gegen Krieg und Militarisierung (AKM) Freiburg<br \/>\nG\u00f6ppingen gegen rechts<br \/>\nLinke Liste &#8211; Solidarische Stadt<br \/>\nOffenes Antifa Treffen Freiburg &#038; Region [OAT]<br \/>\nRote Hilfe OG Stuttgart<br \/>\nSJD &#8211; Die Falken KV Freiburg<br \/>\nVereinigung der Verfolgten des Naziregimes &#8211; Bund der AntifaschistInnen (VVN-BdA) Kreisvereinigung Esslingen<\/p>\n","protected":false},"excerpt":{"rendered":"<p>+++ Repression nach Protesten gegen Naziaufmarsch: Freiburger Antifaschist am 21.Mai in G\u00f6ppingen vor Gericht +++ Gemeinsame Anreise ab Freiburg +++ Unterst\u00fctzt die Solierkl\u00e4rung +++\u00a0 Am 12. Oktober 2013 folgten Freiburger Antifaschistinnen und Antifaschisten dem Aufruf des G\u00f6ppinger B\u00fcndnisses &#8222;Nazis Stoppen&#8220; um gemeinsam mit vielen anderen den angek\u00fcndigten Aufmarsch der &#8222;Autonomen Nationalisten G\u00f6ppingen&#8220; zu verhindern. Auf [&hellip;]<\/p>\n","protected":false},"author":1,"featured_media":0,"comment_status":"closed","ping_status":"closed","sticky":false,"template":"","format":"standard","meta":[],"categories":[8],"tags":[879,882,670,669,24,668,18,50],"_links":{"self":[{"href":"https:\/\/www.antifaschistische-linke.de\/index.php?rest_route=\/wp\/v2\/posts\/3045"}],"collection":[{"href":"https:\/\/www.antifaschistische-linke.de\/index.php?rest_route=\/wp\/v2\/posts"}],"about":[{"href":"https:\/\/www.antifaschistische-linke.de\/index.php?rest_route=\/wp\/v2\/types\/post"}],"author":[{"embeddable":true,"href":"https:\/\/www.antifaschistische-linke.de\/index.php?rest_route=\/wp\/v2\/users\/1"}],"replies":[{"embeddable":true,"href":"https:\/\/www.antifaschistische-linke.de\/index.php?rest_route=%2Fwp%2Fv2%2Fcomments&post=3045"}],"version-history":[{"count":0,"href":"https:\/\/www.antifaschistische-linke.de\/index.php?rest_route=\/wp\/v2\/posts\/3045\/revisions"}],"wp:attachment":[{"href":"https:\/\/www.antifaschistische-linke.de\/index.php?rest_route=%2Fwp%2Fv2%2Fmedia&parent=3045"}],"wp:term":[{"taxonomy":"category","embeddable":true,"href":"https:\/\/www.antifaschistische-linke.de\/index.php?rest_route=%2Fwp%2Fv2%2Fcategories&post=3045"},{"taxonomy":"post_tag","embeddable":true,"href":"https:\/\/www.antifaschistische-linke.de\/index.php?rest_route=%2Fwp%2Fv2%2Ftags&post=3045"}],"curies":[{"name":"wp","href":"https:\/\/api.w.org\/{rel}","templated":true}]}}