{"id":3081,"date":"2014-05-15T18:47:56","date_gmt":"2014-05-15T16:47:56","guid":{"rendered":"http:\/\/www.antifaschistische-linke.de\/?p=3081"},"modified":"2014-05-15T19:40:06","modified_gmt":"2014-05-15T17:40:06","slug":"so-wie-es-ist-bleibt-es-nicht-bericht-zum-antikapitalistischen-block-auf-der-dgb-demo","status":"publish","type":"post","link":"https:\/\/www.antifaschistische-linke.de\/?p=3081","title":{"rendered":"&#8222;So, wie es ist, bleibt es nicht!&#8220; &#8211; Bericht zum Antikapitalistischen Block auf der DGB-Demo"},"content":{"rendered":"<p><a href=\"http:\/\/www.antifaschistische-linke.de\/wp-content\/uploads\/blockklein.jpg\"><img decoding=\"async\" loading=\"lazy\" class=\"size-medium wp-image-3082 alignleft\" style=\"margin-left: 10px; margin-right: 10px;\" alt=\"blockklein\" src=\"http:\/\/www.antifaschistische-linke.de\/wp-content\/uploads\/blockklein-300x225.jpg\" width=\"300\" height=\"225\" \/><\/a>&#8222;Denn so, wie es ist, bleibt es nicht!&#8220; &#8211; Dieser Auffassung des Kommunisten und Schriftsteller Bertold Brecht folgten <a href=\"http:\/\/www.antifaschistische-linke.de\/?p=2877\">beim Antikapitalistischen Block auf der 1. Mai Demonstration des DGB in Freiburg<\/a> erneut etwa 100 Menschen. Der Block kn\u00fcpfte damit direkt an das Motto des letzten Jahres an, denn <a href=\"http:\/\/www.antikapfreiburg.blogsport.eu\/2013\/04\/01\/aufruf-zum-antikapitalistischen-block-auf-der-dgb-demonstration\/\">&#8222;Von selbst wird die Welt nicht besser&#8220;<\/a> und begeisterte die Gewerkschaftsdemonstration mit Parolen, bunten Schildern und einer k\u00e4mpferischen Rede.<\/p>\n<p>Nach innen wie nach au\u00dfen wurden Akzente gesetzt. In der Mitte aufgestellt und ausgestattet mir Transparenten, Flyern und bemalten Regenschirmen waren seine Inhalte sowohl in der Demo als auch f\u00fcr Passanten gut wahrnehmbar bzw. un\u00fcbersehbar.<br \/>\nDas erkl\u00e4rte Ziel, antikapitalistische Positionen innerhalb der Gewerkschaft zu st\u00e4rken, erf\u00fcllte sich bereits anhand der breiten Zustimmung, die <a href=\"http:\/\/www.antifaschistische-linke.de\/?p=3076\">der Redebeitrag des Blocks<\/a> auf der Zwischenkundgebung bei den Demoteilnehmern fand. Aber auch an vielen anderen Stellen wurden Ankn\u00fcpfungspunkte deutlich, wie beispielsweise bei den Forderungen nach Abschaffung der Leiharbeit und dem Kampf f\u00fcr ein politisches Streikrecht. Auch die Werbung f\u00fcr die Blockupy-Aktionstage im Mai stie\u00df innerhalb und au\u00dferhalb der Demo auf gro\u00dfes Interesse.<\/p>\n<p>Bei allen Gemeinsamkeiten mit den Gewerkschaften machte der Block jedoch<a href=\"http:\/\/www.antifaschistische-linke.de\/wp-content\/uploads\/demo.jpg\"><img decoding=\"async\" loading=\"lazy\" class=\"size-medium wp-image-3083 alignright\" style=\"margin-top: 15px; margin-bottom: 15px;\" alt=\"demo\" src=\"http:\/\/www.antifaschistische-linke.de\/wp-content\/uploads\/demo-300x225.jpg\" width=\"300\" height=\"225\" \/><\/a> zugleich deutlich, dass einem\u00a0 sozialpartnerschaftlichen Kurs oder einem Aufeinander zugehen von Teilen der DGB-Spitze und der Bundeswehr eine klare Absage zu erteilen ist.<br \/>\nOb bei den W\u00e4glern in Freiburg, dem Kampf gegen Repression, Ordnungsdienst oder gegen die autorit\u00e4ren Krisenl\u00f6sungen von Regierung und Troika, wurde gezeigt, dass die Solidarit\u00e4t am 1. Mai in Freiburg all jenen Menschen gilt, die sich gegen den Ausverkauf und das Wegk\u00fcrzen ihrer Lebensgrundlagen auflehnen. Das Credo war eindeutig; Ver\u00e4nderungen werden nur gemeinsam erk\u00e4mpft werden.<br \/>\nDiese Ver\u00e4nderung, so die Idee des antikapitalistischen Blocks, werden nur kollektiv und organisiert erreichbar seien. Sich mit einer klaren antikapitalistischen Perspektive f\u00fcr eine Welt ohne Ausbeutung Krieg und Krise einzusetzen wird unbestritten kein Zuckerschlecken werden.<!--more--><\/p>\n<p>Der Antikapitalistische Block geh\u00f6rt aber mit zu den vielen kleinen Schritten, die notwendig sind, um eine Alternative zu diesem Gesellschaftssystem wieder auf die Tagesordnung setzen zu k\u00f6nnen. Zu einer Teilnahme am Antikap-Block aufgerufen hatten in diesem Jahr: <a href=\"http:\/\/www.antifaschistische-linke.de\">Antifaschistische Linke Freiburg<\/a>, <a href=\"http:\/\/www.blockupy-freiburg.tk\">Blockupy Freiburg<\/a>, <a href=\"http:\/\/www.dkp-freiburg.de\/\">DKP Freiburg<\/a>, <a href=\"http:\/\/s144731316.online.de\/wp-solid-fr\/\">Linksjugend [&#8217;solid] Freiburg<\/a>, <a href=\"http:\/\/www.freiburg.sdaj-netz.de\/\">SDAJ Freiburg<\/a> und der <a href=\"http:\/\/www.akm-freiburg.tk\">Arbeitskreis gegen Krieg und Militarisierung<\/a>. Au\u00dferdem hatte die ver.di-Jugend mit einem eigenen Aufruf auf den Antikap-Block mobilisiert.<br \/>\nDie Demonstration startete und endete traditionell beim Fest im St\u00fchlingerpark. Dort erfreute sich der Infostand des <a href=\"http:\/\/www.liz-freiburg.org\">Linken Zentrums<\/a> regem Interesse. Aufmerksamkeit erregte auch eine Aktion einiger AktivistInnen. Zwei Polizeibeamten in zivil, die unbehelligt zwischen den St\u00e4nden umher schlenderten, wurden mithilfe von Schildern als Zivis erkennbar gemacht und waren davon \u00fcberhaupt nicht begeistert.<br \/>\nNach einigen Kuchenst\u00fccken und anregenden Diskussionen ging der 1. Mai schlie\u00dflich im Gr\u00fcn weiter. Trotz st\u00e4dtischer Allgemeinverf\u00fcgung und entsprechendem Polizeiaufgebot wurde hier, wie bereits am Abend zuvor, gefeiert und getanzt. Der <a href=\"http:\/\/www.akj-freiburg.de\">AKJ Freiburg<\/a> hat einen <a href=\"http:\/\/www.akj-freiburg.de\/?p=811\">Bericht rund um den 1.Mai im Gr\u00fcn<\/a> geschrieben.<\/p>\n<p>Auch 2015 werden wir uns wieder mit einem Antikapitalistischen Block an der Demonstration beteiligen und versuchen an die abermalige Steigerung von diesem Jahr anzukn\u00fcpfen. Mit der <a href=\"http:\/\/www.antifaschistische-linke.de\/?p=2950\">Podiumsdiskussion &#8222;Revolution\u00e4re Politik in Nicht-Revolution\u00e4ren Zeiten&#8220;<\/a> mit Referenten aus der <a href=\"http:\/\/www.dazwischengehen.org\/\">interventionistischen Linke (iL)<\/a>, von der DKP Freiburg und aus der Gewerkschaftslinken begleitete auch ein inhaltliche Veranstaltung die Mobilisierung in den Block, auf der Demo waren unsere Inhalte pr\u00e4sent und wahrnehmbar und es gelang uns zumindest in Ans\u00e4tzen als solidarische Erg\u00e4nzung weitergehende Vorstellungen zu formulieren.<br \/>\n<strong><br \/>\n&#8222;So, wie es ist, bleibt es nicht!&#8220;<\/strong><br \/>\nKapitalismus \u00fcberwinden &#8211; F\u00fcr eine Welt jenseits von Krieg und Krise!<\/p>\n<p><a href=\"http:\/\/www.antifaschistische-linke.de\/wp-content\/uploads\/infostand1.jpg\"><img decoding=\"async\" loading=\"lazy\" class=\"size-medium wp-image-3084 alignleft\" alt=\"infostand\" src=\"http:\/\/www.antifaschistische-linke.de\/wp-content\/uploads\/infostand1-300x225.jpg\" width=\"300\" height=\"225\" \/><\/a><a href=\"http:\/\/www.antifaschistische-linke.de\/wp-content\/uploads\/block1.jpg\"><img decoding=\"async\" loading=\"lazy\" class=\"size-medium wp-image-3085 alignnone\" style=\"border: 0px none; margin: 0px 10px;\" alt=\"block\" src=\"http:\/\/www.antifaschistische-linke.de\/wp-content\/uploads\/block1-300x225.jpg\" width=\"300\" height=\"225\" \/><\/a><a href=\"http:\/\/www.antifaschistische-linke.de\/wp-content\/uploads\/block2.jpg\"><img decoding=\"async\" loading=\"lazy\" class=\"size-medium wp-image-3086 alignleft\" style=\"margin-top: 10px; margin-bottom: 10px;\" alt=\"block2\" src=\"http:\/\/www.antifaschistische-linke.de\/wp-content\/uploads\/block2-300x225.jpg\" width=\"300\" height=\"225\" \/><\/a><\/p>\n","protected":false},"excerpt":{"rendered":"<p>&#8222;Denn so, wie es ist, bleibt es nicht!&#8220; &#8211; Dieser Auffassung des Kommunisten und Schriftsteller Bertold Brecht folgten beim Antikapitalistischen Block auf der 1. Mai Demonstration des DGB in Freiburg erneut etwa 100 Menschen. Der Block kn\u00fcpfte damit direkt an das Motto des letzten Jahres an, denn &#8222;Von selbst wird die Welt nicht besser&#8220; und [&hellip;]<\/p>\n","protected":false},"author":1,"featured_media":0,"comment_status":"closed","ping_status":"closed","sticky":false,"template":"","format":"standard","meta":[],"categories":[6,4],"tags":[424,667,86,267,352],"_links":{"self":[{"href":"https:\/\/www.antifaschistische-linke.de\/index.php?rest_route=\/wp\/v2\/posts\/3081"}],"collection":[{"href":"https:\/\/www.antifaschistische-linke.de\/index.php?rest_route=\/wp\/v2\/posts"}],"about":[{"href":"https:\/\/www.antifaschistische-linke.de\/index.php?rest_route=\/wp\/v2\/types\/post"}],"author":[{"embeddable":true,"href":"https:\/\/www.antifaschistische-linke.de\/index.php?rest_route=\/wp\/v2\/users\/1"}],"replies":[{"embeddable":true,"href":"https:\/\/www.antifaschistische-linke.de\/index.php?rest_route=%2Fwp%2Fv2%2Fcomments&post=3081"}],"version-history":[{"count":0,"href":"https:\/\/www.antifaschistische-linke.de\/index.php?rest_route=\/wp\/v2\/posts\/3081\/revisions"}],"wp:attachment":[{"href":"https:\/\/www.antifaschistische-linke.de\/index.php?rest_route=%2Fwp%2Fv2%2Fmedia&parent=3081"}],"wp:term":[{"taxonomy":"category","embeddable":true,"href":"https:\/\/www.antifaschistische-linke.de\/index.php?rest_route=%2Fwp%2Fv2%2Fcategories&post=3081"},{"taxonomy":"post_tag","embeddable":true,"href":"https:\/\/www.antifaschistische-linke.de\/index.php?rest_route=%2Fwp%2Fv2%2Ftags&post=3081"}],"curies":[{"name":"wp","href":"https:\/\/api.w.org\/{rel}","templated":true}]}}