{"id":3104,"date":"2014-05-23T10:48:03","date_gmt":"2014-05-23T08:48:03","guid":{"rendered":"http:\/\/www.antifaschistische-linke.de\/?p=3104"},"modified":"2014-05-23T10:48:03","modified_gmt":"2014-05-23T08:48:03","slug":"polizei-schiesst-scharf-auf-demonstrierende-in-istanbul","status":"publish","type":"post","link":"https:\/\/www.antifaschistische-linke.de\/?p=3104","title":{"rendered":"Polizei schie\u00dft scharf auf Demonstrierende in Istanbul"},"content":{"rendered":"<p><img decoding=\"async\" alt=\"rot\" src=\"http:\/\/www.antifaschistische-linke.de\/Bilder\/roterstern.png\" align=\"left\" \/><em>Freitag, 23.05.2014<\/em><br \/>\n<strong>T\u00fcrkei. <\/strong> Am gestrigen Donnerstag, den 22.Mai, hat die Istanbuler Polizei dem 30-j\u00e4hrigen U\u011fur Kurt in den Kopf geschossen als auf eine Protestaktion wegen des <a href=\"http:\/\/www.antifaschistische-linke.de\/?p=2837\">Mordes an dem 15-j\u00e4hrigen Berkin Elvan<\/a> und der <a href=\"http:\/\/www.antifaschistische-linke.de\/?p=3093\">Katastrophe von Soma<\/a> das Feuer er\u00f6ffnet wurde. Dabei wurde Kurt niedergeschossen, der an einer Beerdigung im Istanbuler Okmeydani-Viertel teilgenommen hatte. In der Nacht ist Kurt verstorben! Die Proteste gegen den Autokraten Erdo\u011fan gehen in der T\u00fcrkei <a href=\"http:\/\/www.vice.com\/de\/vice-news\/2-tage-vor-erdogan-besuch-eskalieren-die-soma-proteste-in-der-tuerkei\">unvermindert weiter<\/a>. In Gedenken an U\u011fur, Berkin und alle Opfern des t\u00fcrkischen Staatsterrorismus! Her yer Soma, her yer direni\u015f!<\/p>\n","protected":false},"excerpt":{"rendered":"<p>Freitag, 23.05.2014 T\u00fcrkei. Am gestrigen Donnerstag, den 22.Mai, hat die Istanbuler Polizei dem 30-j\u00e4hrigen U\u011fur Kurt in den Kopf geschossen als auf eine Protestaktion wegen des Mordes an dem 15-j\u00e4hrigen Berkin Elvan und der Katastrophe von Soma das Feuer er\u00f6ffnet wurde. Dabei wurde Kurt niedergeschossen, der an einer Beerdigung im Istanbuler Okmeydani-Viertel teilgenommen hatte. In [&hellip;]<\/p>\n","protected":false},"author":1,"featured_media":0,"comment_status":"closed","ping_status":"closed","sticky":false,"template":"","format":"standard","meta":[],"categories":[3,6,4],"tags":[592,881,84,18,671,85,62,675],"_links":{"self":[{"href":"https:\/\/www.antifaschistische-linke.de\/index.php?rest_route=\/wp\/v2\/posts\/3104"}],"collection":[{"href":"https:\/\/www.antifaschistische-linke.de\/index.php?rest_route=\/wp\/v2\/posts"}],"about":[{"href":"https:\/\/www.antifaschistische-linke.de\/index.php?rest_route=\/wp\/v2\/types\/post"}],"author":[{"embeddable":true,"href":"https:\/\/www.antifaschistische-linke.de\/index.php?rest_route=\/wp\/v2\/users\/1"}],"replies":[{"embeddable":true,"href":"https:\/\/www.antifaschistische-linke.de\/index.php?rest_route=%2Fwp%2Fv2%2Fcomments&post=3104"}],"version-history":[{"count":0,"href":"https:\/\/www.antifaschistische-linke.de\/index.php?rest_route=\/wp\/v2\/posts\/3104\/revisions"}],"wp:attachment":[{"href":"https:\/\/www.antifaschistische-linke.de\/index.php?rest_route=%2Fwp%2Fv2%2Fmedia&parent=3104"}],"wp:term":[{"taxonomy":"category","embeddable":true,"href":"https:\/\/www.antifaschistische-linke.de\/index.php?rest_route=%2Fwp%2Fv2%2Fcategories&post=3104"},{"taxonomy":"post_tag","embeddable":true,"href":"https:\/\/www.antifaschistische-linke.de\/index.php?rest_route=%2Fwp%2Fv2%2Ftags&post=3104"}],"curies":[{"name":"wp","href":"https:\/\/api.w.org\/{rel}","templated":true}]}}