{"id":3111,"date":"2014-05-23T12:01:15","date_gmt":"2014-05-23T10:01:15","guid":{"rendered":"http:\/\/www.antifaschistische-linke.de\/?p=3111"},"modified":"2014-05-23T12:01:15","modified_gmt":"2014-05-23T10:01:15","slug":"verfahren-gegen-freiburg-antifa-wegen-der-proteste-gegen-den-naziaufmarsch-in-goeppingen-eingestellt","status":"publish","type":"post","link":"https:\/\/www.antifaschistische-linke.de\/?p=3111","title":{"rendered":"Verfahren gegen Freiburg Antifa wegen der Proteste gegen den Naziaufmarsch in G\u00f6ppingen eingestellt!"},"content":{"rendered":"<p><img decoding=\"async\" alt=\"\" src=\"http:\/\/www.antifaschistische-linke.de\/Bilder\/rotehilfeklein.jpg\" align=\"left\" \/> <em>Freitag, 23.05.2014<\/em><br \/>\n<strong>G\u00f6ppingen\/Freiburg. <\/strong> Das <a href=\"http:\/\/www.antifaschistische-linke.de\/?p=3095\">Verfahren gegen einen Freiburger Antifa<\/a> wegen der Proteste in G\u00f6ppingen 2013, als sich \u00fcber 1000 Antifas einem faschistischen Aufmarsch offensiv in den Weg stellten und sich dabei mit massiver Repression und Polizeigewalt konfrontiert sahen, wurde <a href=\"http:\/\/www.beobachternews.de\/2014\/05\/23\/amtsgericht-stellt-verfahren-ein\/\">gegen Geldauflage eingestellt<\/a>. Der Angeklagte gab eine Erkl\u00e4rung ab und \u00e4u\u00dferte sich ansonsten nicht zu den Vorw\u00fcrfen, unsere <a href=\"http:\/\/www.antifaschistische-linke.de\/?p=3045\">Soli-Erkl\u00e4rung<\/a> war im Vorfeld breit unterst\u00fctzt worden. Antifaschismus ist und bleibt legitim!<\/p>\n","protected":false},"excerpt":{"rendered":"<p>Freitag, 23.05.2014 G\u00f6ppingen\/Freiburg. Das Verfahren gegen einen Freiburger Antifa wegen der Proteste in G\u00f6ppingen 2013, als sich \u00fcber 1000 Antifas einem faschistischen Aufmarsch offensiv in den Weg stellten und sich dabei mit massiver Repression und Polizeigewalt konfrontiert sahen, wurde gegen Geldauflage eingestellt. Der Angeklagte gab eine Erkl\u00e4rung ab und \u00e4u\u00dferte sich ansonsten nicht zu den [&hellip;]<\/p>\n","protected":false},"author":1,"featured_media":0,"comment_status":"closed","ping_status":"closed","sticky":false,"template":"","format":"standard","meta":[],"categories":[1,8,3],"tags":[879,668,18,50],"_links":{"self":[{"href":"https:\/\/www.antifaschistische-linke.de\/index.php?rest_route=\/wp\/v2\/posts\/3111"}],"collection":[{"href":"https:\/\/www.antifaschistische-linke.de\/index.php?rest_route=\/wp\/v2\/posts"}],"about":[{"href":"https:\/\/www.antifaschistische-linke.de\/index.php?rest_route=\/wp\/v2\/types\/post"}],"author":[{"embeddable":true,"href":"https:\/\/www.antifaschistische-linke.de\/index.php?rest_route=\/wp\/v2\/users\/1"}],"replies":[{"embeddable":true,"href":"https:\/\/www.antifaschistische-linke.de\/index.php?rest_route=%2Fwp%2Fv2%2Fcomments&post=3111"}],"version-history":[{"count":0,"href":"https:\/\/www.antifaschistische-linke.de\/index.php?rest_route=\/wp\/v2\/posts\/3111\/revisions"}],"wp:attachment":[{"href":"https:\/\/www.antifaschistische-linke.de\/index.php?rest_route=%2Fwp%2Fv2%2Fmedia&parent=3111"}],"wp:term":[{"taxonomy":"category","embeddable":true,"href":"https:\/\/www.antifaschistische-linke.de\/index.php?rest_route=%2Fwp%2Fv2%2Fcategories&post=3111"},{"taxonomy":"post_tag","embeddable":true,"href":"https:\/\/www.antifaschistische-linke.de\/index.php?rest_route=%2Fwp%2Fv2%2Ftags&post=3111"}],"curies":[{"name":"wp","href":"https:\/\/api.w.org\/{rel}","templated":true}]}}