{"id":3176,"date":"2014-06-09T22:36:46","date_gmt":"2014-06-09T20:36:46","guid":{"rendered":"http:\/\/www.antifaschistische-linke.de\/?p=3176"},"modified":"2014-06-09T22:41:23","modified_gmt":"2014-06-09T20:41:23","slug":"antifaschist-aus-villingen-schwenningen-in-goeppingen-verurteilt","status":"publish","type":"post","link":"https:\/\/www.antifaschistische-linke.de\/?p=3176","title":{"rendered":"Antifaschist aus Villingen-Schwenningen in G\u00f6ppingen verurteilt"},"content":{"rendered":"<p style=\"text-align: justify;\"><img decoding=\"async\" alt=\"\" src=\"http:\/\/www.antifaschistische-linke.de\/Bilder\/rotehilfeklein.jpg\" align=\"left\" \/> <em>Montag, 09.06.2014<\/em><br \/>\n<strong>Villingen-Schwenningen \/ G\u00f6ppingen. <\/strong>Am 2.Juni stand ein <a href=\"http:\/\/www.antifaschistische-linke.de\/?p=3154\">Antifaschist aus Villingen-Schwenningen vor dem G\u00f6ppinger Amtsgericht<\/a>. Vorgeworfen wurde ihm versuchte schwere K\u00f6rperverletzung, weil er im Zusammenhang mit den Protesten gegen den Naziaufmarsch in G\u00f6ppingen am 12.Oktober 2013 mit einer ca. 45 Zentimeter langen, eingerollten Fahne einen behelmten Polizisten auf den Kopf geschlagen haben soll. Der Angeklagte machte keine Angaben und verla\u00df <a href=\"http:\/\/www.beobachternews.de\/2014\/06\/04\/antifa-ist-handarbeit\/\">stattdessen eine Erkl\u00e4rung<\/a>. Die Anklage wegen versuchter\u00a0schwerer K\u00f6rperverletzung wurde fallen gelassen, stattdessen <a href=\"https:\/\/linksunten.indymedia.org\/de\/node\/116244\">verurteilte das Amtsgericht den Antifaschisten<\/a> zu einer Geldstrafe von drei\u00dfig Tagess\u00e4tzen zu je 40 Euro zuz\u00fcglich der Gerichtskosten wegen des Versto\u00dfes gegen das Versammlungsgesetz. Daf\u00fcr herhalten musste eine einfache \u201ehaushalts\u00fcbliche\u00a0Folie\u201c, die nicht einmal einen\u00a0Millimeter in der Dicke misst und die eine Schutzwaffe dargestellt h\u00e4tte, und eine Sturmhabe, die dem Antifa zugerechnet wurde. Antifaschismus ist und bleibt legitim!<\/p>\n<p>&nbsp;<\/p>\n","protected":false},"excerpt":{"rendered":"<p>Montag, 09.06.2014 Villingen-Schwenningen \/ G\u00f6ppingen. Am 2.Juni stand ein Antifaschist aus Villingen-Schwenningen vor dem G\u00f6ppinger Amtsgericht. Vorgeworfen wurde ihm versuchte schwere K\u00f6rperverletzung, weil er im Zusammenhang mit den Protesten gegen den Naziaufmarsch in G\u00f6ppingen am 12.Oktober 2013 mit einer ca. 45 Zentimeter langen, eingerollten Fahne einen behelmten Polizisten auf den Kopf geschlagen haben soll. Der [&hellip;]<\/p>\n","protected":false},"author":1,"featured_media":0,"comment_status":"closed","ping_status":"closed","sticky":false,"template":"","format":"standard","meta":[],"categories":[8,3],"tags":[879,24,668,18,679],"_links":{"self":[{"href":"https:\/\/www.antifaschistische-linke.de\/index.php?rest_route=\/wp\/v2\/posts\/3176"}],"collection":[{"href":"https:\/\/www.antifaschistische-linke.de\/index.php?rest_route=\/wp\/v2\/posts"}],"about":[{"href":"https:\/\/www.antifaschistische-linke.de\/index.php?rest_route=\/wp\/v2\/types\/post"}],"author":[{"embeddable":true,"href":"https:\/\/www.antifaschistische-linke.de\/index.php?rest_route=\/wp\/v2\/users\/1"}],"replies":[{"embeddable":true,"href":"https:\/\/www.antifaschistische-linke.de\/index.php?rest_route=%2Fwp%2Fv2%2Fcomments&post=3176"}],"version-history":[{"count":0,"href":"https:\/\/www.antifaschistische-linke.de\/index.php?rest_route=\/wp\/v2\/posts\/3176\/revisions"}],"wp:attachment":[{"href":"https:\/\/www.antifaschistische-linke.de\/index.php?rest_route=%2Fwp%2Fv2%2Fmedia&parent=3176"}],"wp:term":[{"taxonomy":"category","embeddable":true,"href":"https:\/\/www.antifaschistische-linke.de\/index.php?rest_route=%2Fwp%2Fv2%2Fcategories&post=3176"},{"taxonomy":"post_tag","embeddable":true,"href":"https:\/\/www.antifaschistische-linke.de\/index.php?rest_route=%2Fwp%2Fv2%2Ftags&post=3176"}],"curies":[{"name":"wp","href":"https:\/\/api.w.org\/{rel}","templated":true}]}}