{"id":3241,"date":"2014-09-30T18:49:46","date_gmt":"2014-09-30T16:49:46","guid":{"rendered":"http:\/\/www.antifaschistische-linke.de\/?p=3241"},"modified":"2014-10-01T12:37:23","modified_gmt":"2014-10-01T10:37:23","slug":"die-agenda-setzen-ein-breites-programm-beginnt-sich-zu-entfalten","status":"publish","type":"post","link":"https:\/\/www.antifaschistische-linke.de\/?p=3241","title":{"rendered":"Die Agenda setzen: Ein breites Programm beginnt sich zu entfalten"},"content":{"rendered":"<p><img decoding=\"async\" alt=\"rot\" src=\"http:\/\/www.antifaschistische-linke.de\/Bilder\/roterstern.png\" align=\"left\" \/><em>Dienstag, 30.09.2014<\/em><br \/>\n<strong>Freiburg. <\/strong>Nachdem Blockupy im September in die Mobilisierung gegen die feierliche EZB-Er\u00f6ffnung gestartet ist, beginnt sich ein breites Programm zu entfalten. Neben dem zentralen <a href=\"http:\/\/blockupyfreiburg.blogsport.eu\/2014\/08\/22\/talk-dance-act-runter-vom-balkon-frankfurter-blockupy-festival-20-23-november-2014\/\">Frankfurter Blockupy Festival Mitte November<\/a> werden viele von lokalen Blockupy Plattformen organisierte Aktionen und Veranstaltung stattfinden. Auch in Freiburg wurde die Agenda gesetzt: Am 13.November kommt Alex Demirovi\u0107 zu einer Veranstaltung mit dem Titel &#8222;Die gro\u00dfe (Finanz)Krise ist noch nicht vor\u00fcber&#8220; nach Freiburg in die Uni, Anfang Dezember beteiligen wir uns an der <a href=\"http:\/\/osze-angreifen.org\/\">Mobilisierung gegen das Ministerratstreffen der OSZE<\/a> in Basel bevor wir dann vorraussichtlich im Januar nach Frankfurt fahren werden. Ihr wollt mitmachen? Am 14.Oktober steht wieder ab 19 Uhr ein offenes Treffen von Blockupy Freiburg im Linken Zentrum\u00a0<em>\u00a1adelante!\u00a0<\/em> an.<\/p>\n","protected":false},"excerpt":{"rendered":"<p>Dienstag, 30.09.2014 Freiburg. Nachdem Blockupy im September in die Mobilisierung gegen die feierliche EZB-Er\u00f6ffnung gestartet ist, beginnt sich ein breites Programm zu entfalten. Neben dem zentralen Frankfurter Blockupy Festival Mitte November werden viele von lokalen Blockupy Plattformen organisierte Aktionen und Veranstaltung stattfinden. Auch in Freiburg wurde die Agenda gesetzt: Am 13.November kommt Alex Demirovi\u0107 zu [&hellip;]<\/p>\n","protected":false},"author":1,"featured_media":0,"comment_status":"closed","ping_status":"closed","sticky":false,"template":"","format":"standard","meta":[],"categories":[3,6,4],"tags":[83,87,13,881,444],"_links":{"self":[{"href":"https:\/\/www.antifaschistische-linke.de\/index.php?rest_route=\/wp\/v2\/posts\/3241"}],"collection":[{"href":"https:\/\/www.antifaschistische-linke.de\/index.php?rest_route=\/wp\/v2\/posts"}],"about":[{"href":"https:\/\/www.antifaschistische-linke.de\/index.php?rest_route=\/wp\/v2\/types\/post"}],"author":[{"embeddable":true,"href":"https:\/\/www.antifaschistische-linke.de\/index.php?rest_route=\/wp\/v2\/users\/1"}],"replies":[{"embeddable":true,"href":"https:\/\/www.antifaschistische-linke.de\/index.php?rest_route=%2Fwp%2Fv2%2Fcomments&post=3241"}],"version-history":[{"count":0,"href":"https:\/\/www.antifaschistische-linke.de\/index.php?rest_route=\/wp\/v2\/posts\/3241\/revisions"}],"wp:attachment":[{"href":"https:\/\/www.antifaschistische-linke.de\/index.php?rest_route=%2Fwp%2Fv2%2Fmedia&parent=3241"}],"wp:term":[{"taxonomy":"category","embeddable":true,"href":"https:\/\/www.antifaschistische-linke.de\/index.php?rest_route=%2Fwp%2Fv2%2Fcategories&post=3241"},{"taxonomy":"post_tag","embeddable":true,"href":"https:\/\/www.antifaschistische-linke.de\/index.php?rest_route=%2Fwp%2Fv2%2Ftags&post=3241"}],"curies":[{"name":"wp","href":"https:\/\/api.w.org\/{rel}","templated":true}]}}