{"id":3247,"date":"2014-08-21T14:27:21","date_gmt":"2014-08-21T12:27:21","guid":{"rendered":"http:\/\/www.antifaschistische-linke.de\/?p=3247"},"modified":"2014-08-21T16:33:55","modified_gmt":"2014-08-21T14:33:55","slug":"prozesse-wegen-der-proteste-gegen-die-pius-brueder","status":"publish","type":"post","link":"https:\/\/www.antifaschistische-linke.de\/?p=3247","title":{"rendered":"Prozesse wegen der Proteste gegen die Pius-Br\u00fcder"},"content":{"rendered":"<p><img decoding=\"async\" alt=\"\" src=\"http:\/\/www.antifaschistische-linke.de\/Bilder\/rotehilfeklein.jpg\" align=\"left\" \/> <em>Donnerstag, 21.08.2014<\/em><br \/>\n<strong>Freiburg. <\/strong>Der neugegr\u00fcndete <a href=\"https:\/\/antirepfreiburg.wordpress.com\/\">Arbeitskreis Antirepression Freiburg<\/a> hat einen <a href=\"https:\/\/antirepfreiburg.wordpress.com\/2014\/08\/21\/freiburger-staatsschutz-dreht-frei-2\/\">Aufruf zur Begleitung der Prozesse gegen Pius Gegner<\/a> ver\u00f6ffentlicht. R\u00fcckblick: Die Cops hatten <a href=\"http:\/\/www.antifaschistische-linke.de\/?p=1498\">2013 den Aufzug der erz-katholischen Bruderschaft mit Gewalt durchgesetzt<\/a> und die GegendemonstrantInnen rabiat von der Route gedr\u00e4ngt. Die versuchte Blockade der Pius-Bruderschaft wird den AktivistInnen nun als Widerstandshandlung ausgelegt. Die <a href=\"http:\/\/www.badische-zeitung.de\/suedwest-1\/zahl-linker-gewalttaten-hat-sich-in-baden-wuerttemberg-verdoppelt--84642156.html\">Regionalpresse spricht sogar von \u201eAusschreitungen\u201c und einer \u201eVerdoppelung linker Gewalttaten\u201c<\/a>. Bei besagter Demonstration der Pius-Br\u00fcder wurde versucht den Aufzug durch zivilen Ungehorsam zu blockieren, so wie es bei vielen erfolgreichen Blockaden von Neonaziaufm\u00e4rschen \u00fcberall in der BRD bereits politische Alltagspraxis ist. Ein bewusstes, sich in den Weg stellen, gegen eine solche ekelhafte und menschenverachtende Ideologie wie die der Pius-Br\u00fcder ist allerorts ein legitimes und notwendiges Mittel von zivilem Ungehorsam \u2013 und nicht kriminell! Die er\u00f6ffneten Verfahren werden in der Regel als Strafbefehle verschickt. Durch Einspruch und das bewusste politische F\u00fchren von Verfahren wollen wir ein Zeichen setzen und verdeutlichen, dass wir uns gemeinsam gegen diese Kriminalisierung wehren. Getroffen hat es wenige, gemeint sind wir alle! Kommt zu den Prozessen und zeigt euch solidarisch mit den betroffenen Genossen und Genossinnen. <strong>Prozesse finden am 25.08. &amp;\u00a0 am 17.09., jeweils ab 10 Uhr vor dem Amtsgericht Freiburg, statt.<\/strong><\/p>\n","protected":false},"excerpt":{"rendered":"<p>Donnerstag, 21.08.2014 Freiburg. Der neugegr\u00fcndete Arbeitskreis Antirepression Freiburg hat einen Aufruf zur Begleitung der Prozesse gegen Pius Gegner ver\u00f6ffentlicht. R\u00fcckblick: Die Cops hatten 2013 den Aufzug der erz-katholischen Bruderschaft mit Gewalt durchgesetzt und die GegendemonstrantInnen rabiat von der Route gedr\u00e4ngt. Die versuchte Blockade der Pius-Bruderschaft wird den AktivistInnen nun als Widerstandshandlung ausgelegt. Die Regionalpresse spricht [&hellip;]<\/p>\n","protected":false},"author":1,"featured_media":0,"comment_status":"closed","ping_status":"closed","sticky":false,"template":"","format":"standard","meta":[],"categories":[8,3],"tags":[882,702,47,13,701,18,50],"_links":{"self":[{"href":"https:\/\/www.antifaschistische-linke.de\/index.php?rest_route=\/wp\/v2\/posts\/3247"}],"collection":[{"href":"https:\/\/www.antifaschistische-linke.de\/index.php?rest_route=\/wp\/v2\/posts"}],"about":[{"href":"https:\/\/www.antifaschistische-linke.de\/index.php?rest_route=\/wp\/v2\/types\/post"}],"author":[{"embeddable":true,"href":"https:\/\/www.antifaschistische-linke.de\/index.php?rest_route=\/wp\/v2\/users\/1"}],"replies":[{"embeddable":true,"href":"https:\/\/www.antifaschistische-linke.de\/index.php?rest_route=%2Fwp%2Fv2%2Fcomments&post=3247"}],"version-history":[{"count":0,"href":"https:\/\/www.antifaschistische-linke.de\/index.php?rest_route=\/wp\/v2\/posts\/3247\/revisions"}],"wp:attachment":[{"href":"https:\/\/www.antifaschistische-linke.de\/index.php?rest_route=%2Fwp%2Fv2%2Fmedia&parent=3247"}],"wp:term":[{"taxonomy":"category","embeddable":true,"href":"https:\/\/www.antifaschistische-linke.de\/index.php?rest_route=%2Fwp%2Fv2%2Fcategories&post=3247"},{"taxonomy":"post_tag","embeddable":true,"href":"https:\/\/www.antifaschistische-linke.de\/index.php?rest_route=%2Fwp%2Fv2%2Ftags&post=3247"}],"curies":[{"name":"wp","href":"https:\/\/api.w.org\/{rel}","templated":true}]}}