{"id":3303,"date":"2014-09-11T14:07:50","date_gmt":"2014-09-11T12:07:50","guid":{"rendered":"http:\/\/www.antifaschistische-linke.de\/?p=3303"},"modified":"2014-09-18T15:42:48","modified_gmt":"2014-09-18T13:42:48","slug":"3303","status":"publish","type":"post","link":"https:\/\/www.antifaschistische-linke.de\/?p=3303","title":{"rendered":"Antifaschistischer Tortenwerfer am 25.September vor Gericht"},"content":{"rendered":"<p><img decoding=\"async\" alt=\"\" src=\"http:\/\/www.antifaschistische-linke.de\/Bilder\/rotehilfeklein.jpg\" align=\"left\" \/> <em>Donnerstag, 11.09.2014<\/em><br \/>\n<strong>Heilbronn. <\/strong>Am<a href=\"http:\/\/www.heilbronn.rote-hilfe.de\/?p=156\"> 25. September 2014 steht ein Heilbronner Antifaschist vor dem Amtsgericht in \u00d6hringen<\/a>, der Anfang Februar 2014 den baden-w\u00fcrttembergischen Innenminister Reinhold Gall mit einer Torte beworfen hat. Einen Strafbefehl lehnte der antifaschistische Tortenwerfer ab, so dass er jetzt wegen versuchter K\u00f6rperverletzung, fahrl\u00e4ssiger K\u00f6rperverletzung, N\u00f6tigung und versuchter Sachbesch\u00e4digung vor Gericht stehen wird. Solidarisiert euch mit dem Antifaschisten! Es muss klar gestellt werden, dass er weder mit der Forderung nach einer konsequenten Aufkl\u00e4rung des faschistischen Netzwerks NSU, noch vor dem Gericht alleine dasteht. Die Initiative <a href=\"http:\/\/tatort-theresienwiese.org\/\">Tatort Theresienwiese<\/a> arbeitet zu diesem Thema und will eine Schnitt\u00adstel\u00adle zwi\u00adschen \u00d6f\u00adfent\u00adlich\u00adkeits\u00adar\u00adbeit und Re\u00adcher\u00adche sein und den Komplex in der \u00d6ffentlichkeit pr\u00e4sent machen.<\/p>\n","protected":false},"excerpt":{"rendered":"<p>Donnerstag, 11.09.2014 Heilbronn. Am 25. September 2014 steht ein Heilbronner Antifaschist vor dem Amtsgericht in \u00d6hringen, der Anfang Februar 2014 den baden-w\u00fcrttembergischen Innenminister Reinhold Gall mit einer Torte beworfen hat. Einen Strafbefehl lehnte der antifaschistische Tortenwerfer ab, so dass er jetzt wegen versuchter K\u00f6rperverletzung, fahrl\u00e4ssiger K\u00f6rperverletzung, N\u00f6tigung und versuchter Sachbesch\u00e4digung vor Gericht stehen wird. Solidarisiert [&hellip;]<\/p>\n","protected":false},"author":1,"featured_media":0,"comment_status":"closed","ping_status":"closed","sticky":false,"template":"","format":"standard","meta":[],"categories":[8,3],"tags":[882,708,165,18,50,710,709],"_links":{"self":[{"href":"https:\/\/www.antifaschistische-linke.de\/index.php?rest_route=\/wp\/v2\/posts\/3303"}],"collection":[{"href":"https:\/\/www.antifaschistische-linke.de\/index.php?rest_route=\/wp\/v2\/posts"}],"about":[{"href":"https:\/\/www.antifaschistische-linke.de\/index.php?rest_route=\/wp\/v2\/types\/post"}],"author":[{"embeddable":true,"href":"https:\/\/www.antifaschistische-linke.de\/index.php?rest_route=\/wp\/v2\/users\/1"}],"replies":[{"embeddable":true,"href":"https:\/\/www.antifaschistische-linke.de\/index.php?rest_route=%2Fwp%2Fv2%2Fcomments&post=3303"}],"version-history":[{"count":0,"href":"https:\/\/www.antifaschistische-linke.de\/index.php?rest_route=\/wp\/v2\/posts\/3303\/revisions"}],"wp:attachment":[{"href":"https:\/\/www.antifaschistische-linke.de\/index.php?rest_route=%2Fwp%2Fv2%2Fmedia&parent=3303"}],"wp:term":[{"taxonomy":"category","embeddable":true,"href":"https:\/\/www.antifaschistische-linke.de\/index.php?rest_route=%2Fwp%2Fv2%2Fcategories&post=3303"},{"taxonomy":"post_tag","embeddable":true,"href":"https:\/\/www.antifaschistische-linke.de\/index.php?rest_route=%2Fwp%2Fv2%2Ftags&post=3303"}],"curies":[{"name":"wp","href":"https:\/\/api.w.org\/{rel}","templated":true}]}}