{"id":3353,"date":"2014-09-25T18:40:53","date_gmt":"2014-09-25T16:40:53","guid":{"rendered":"http:\/\/www.antifaschistische-linke.de\/?p=3353"},"modified":"2014-10-01T12:34:14","modified_gmt":"2014-10-01T10:34:14","slug":"verurteilung-auch-im-zweiten-prozess-wegen-den-protesten-gegen-die-pius-brueder","status":"publish","type":"post","link":"https:\/\/www.antifaschistische-linke.de\/?p=3353","title":{"rendered":"Verurteilung auch im zweiten Prozess wegen den Protesten gegen die Pius-Br\u00fcder"},"content":{"rendered":"<p><img decoding=\"async\" alt=\"\" src=\"http:\/\/www.antifaschistische-linke.de\/Bilder\/rotehilfeklein.jpg\" align=\"left\" \/> <em>Donnerstag, 25.09.2014<\/em><br \/>\n<strong>Freiburg. <\/strong> Auch im zweiten Prozess wegen der <a href=\"http:\/\/www.antifaschistische-linke.de\/?p=3250\">Proteste 2013<\/a> gegen die <a href=\"http:\/\/www.antifaschistische-linke.de\/wp-content\/uploads\/knetk%C3%B6pfe.jpg\">reaktion\u00e4ren Knetk\u00f6pfe von den Pius-Br\u00fcdern<\/a> gab es <a href=\"https:\/\/rdl.de\/beitrag\/gericht-best-tigt-polizeiliche-ignorierung-der-versammlungsfreiheit-f-r-pius-gegnerinnen\">eine Verurteilung<\/a>. Der <a href=\"https:\/\/antirepfreiburg.wordpress.com\/\">Arbeitskreis Antirepression Freiburg<\/a> hatte zur <a href=\"http:\/\/www.antifaschistische-linke.de\/?p=3250\">Kundgebung und solidarischen Prozessbeobachtung aufgerufen<\/a> und <a href=\"https:\/\/antirepfreiburg.wordpress.com\/2014\/09\/25\/56\/\">nun einen Nachbericht ver\u00f6ffentlicht<\/a>. Trotz umfangreicher Einlasskontrollen mit Ausweiskontrolle zeigten sich Viele solidarisch. Die Angeklagte verlas im Gericht noch eine Rede. Bereits Ende August wurde \u00e4hnlich haltlos und allein wegen dem <a href=\"http:\/\/www.antifaschistische-linke.de\/?p=3247\">&#8222;Ermittlungseifer&#8220; des Freiburger Staatsschutz<\/a> ein Pius-Gegner <a href=\"http:\/\/www.antifaschistische-linke.de\/?p=3282\">verurteilt<\/a>. Unsere Solidarit\u00e4t, die k\u00f6nnt ihr haben!<\/p>\n","protected":false},"excerpt":{"rendered":"<p>Donnerstag, 25.09.2014 Freiburg. Auch im zweiten Prozess wegen der Proteste 2013 gegen die reaktion\u00e4ren Knetk\u00f6pfe von den Pius-Br\u00fcdern gab es eine Verurteilung. Der Arbeitskreis Antirepression Freiburg hatte zur Kundgebung und solidarischen Prozessbeobachtung aufgerufen und nun einen Nachbericht ver\u00f6ffentlicht. Trotz umfangreicher Einlasskontrollen mit Ausweiskontrolle zeigten sich Viele solidarisch. Die Angeklagte verlas im Gericht noch eine Rede. [&hellip;]<\/p>\n","protected":false},"author":1,"featured_media":0,"comment_status":"closed","ping_status":"closed","sticky":false,"template":"","format":"standard","meta":[],"categories":[1,8,3],"tags":[882,13,701,455],"_links":{"self":[{"href":"https:\/\/www.antifaschistische-linke.de\/index.php?rest_route=\/wp\/v2\/posts\/3353"}],"collection":[{"href":"https:\/\/www.antifaschistische-linke.de\/index.php?rest_route=\/wp\/v2\/posts"}],"about":[{"href":"https:\/\/www.antifaschistische-linke.de\/index.php?rest_route=\/wp\/v2\/types\/post"}],"author":[{"embeddable":true,"href":"https:\/\/www.antifaschistische-linke.de\/index.php?rest_route=\/wp\/v2\/users\/1"}],"replies":[{"embeddable":true,"href":"https:\/\/www.antifaschistische-linke.de\/index.php?rest_route=%2Fwp%2Fv2%2Fcomments&post=3353"}],"version-history":[{"count":0,"href":"https:\/\/www.antifaschistische-linke.de\/index.php?rest_route=\/wp\/v2\/posts\/3353\/revisions"}],"wp:attachment":[{"href":"https:\/\/www.antifaschistische-linke.de\/index.php?rest_route=%2Fwp%2Fv2%2Fmedia&parent=3353"}],"wp:term":[{"taxonomy":"category","embeddable":true,"href":"https:\/\/www.antifaschistische-linke.de\/index.php?rest_route=%2Fwp%2Fv2%2Fcategories&post=3353"},{"taxonomy":"post_tag","embeddable":true,"href":"https:\/\/www.antifaschistische-linke.de\/index.php?rest_route=%2Fwp%2Fv2%2Ftags&post=3353"}],"curies":[{"name":"wp","href":"https:\/\/api.w.org\/{rel}","templated":true}]}}