{"id":34,"date":"2009-09-07T23:05:15","date_gmt":"2009-09-07T21:05:15","guid":{"rendered":"http:\/\/alfr.blogsport.de\/2009\/09\/07\/34\/"},"modified":"2009-09-07T23:05:15","modified_gmt":"2009-09-07T21:05:15","slug":"34","status":"publish","type":"post","link":"https:\/\/www.antifaschistische-linke.de\/?p=34","title":{"rendered":"\u201eFest der V\u00f6lker verboten\u201c"},"content":{"rendered":"<p><img decoding=\"async\" src=\"http:\/\/www.antifaschistische-linke.de\/Bilder\/afalogoklein.png\" align=\"left\" alt=\"Antifaschistische Aktion\" \/><em>Montag, 07.09.2009<\/em><br \/><strong>P\u00f6\u00dfneck.<\/strong> Das faschistische sogenannte \u201eFest der V\u00f6lker\u201c am 12. September 2009 in der th\u00fcringischen Stadt P\u00f6\u00dfneck ist vom Landrat des Saale-Orla-Kreises verboten worden. Von der Veranstaltung w\u00fcrde eine \u201eunmittelbare Gef\u00e4hrdung der \u00f6ffentlichen Sicherheit und Ordnung\u201c ausgehen, hie\u00df es zur Begr\u00fcndung. <a href=\"http:\/\/www.redok.de\/content\/view\/1497\/38\/\">Mehr Infos<\/a><\/p>\n","protected":false},"excerpt":{"rendered":"<p>Montag, 07.09.2009P\u00f6\u00dfneck. Das faschistische sogenannte \u201eFest der V\u00f6lker\u201c am 12. September 2009 in der th\u00fcringischen Stadt P\u00f6\u00dfneck ist vom Landrat des Saale-Orla-Kreises verboten worden. Von der Veranstaltung w\u00fcrde eine \u201eunmittelbare Gef\u00e4hrdung der \u00f6ffentlichen Sicherheit und Ordnung\u201c ausgehen, hie\u00df es zur Begr\u00fcndung. Mehr Infos<\/p>\n","protected":false},"author":1,"featured_media":0,"comment_status":"closed","ping_status":"closed","sticky":false,"template":"","format":"standard","meta":[],"categories":[1],"tags":[],"_links":{"self":[{"href":"https:\/\/www.antifaschistische-linke.de\/index.php?rest_route=\/wp\/v2\/posts\/34"}],"collection":[{"href":"https:\/\/www.antifaschistische-linke.de\/index.php?rest_route=\/wp\/v2\/posts"}],"about":[{"href":"https:\/\/www.antifaschistische-linke.de\/index.php?rest_route=\/wp\/v2\/types\/post"}],"author":[{"embeddable":true,"href":"https:\/\/www.antifaschistische-linke.de\/index.php?rest_route=\/wp\/v2\/users\/1"}],"replies":[{"embeddable":true,"href":"https:\/\/www.antifaschistische-linke.de\/index.php?rest_route=%2Fwp%2Fv2%2Fcomments&post=34"}],"version-history":[{"count":0,"href":"https:\/\/www.antifaschistische-linke.de\/index.php?rest_route=\/wp\/v2\/posts\/34\/revisions"}],"wp:attachment":[{"href":"https:\/\/www.antifaschistische-linke.de\/index.php?rest_route=%2Fwp%2Fv2%2Fmedia&parent=34"}],"wp:term":[{"taxonomy":"category","embeddable":true,"href":"https:\/\/www.antifaschistische-linke.de\/index.php?rest_route=%2Fwp%2Fv2%2Fcategories&post=34"},{"taxonomy":"post_tag","embeddable":true,"href":"https:\/\/www.antifaschistische-linke.de\/index.php?rest_route=%2Fwp%2Fv2%2Ftags&post=34"}],"curies":[{"name":"wp","href":"https:\/\/api.w.org\/{rel}","templated":true}]}}