{"id":3420,"date":"2014-10-11T19:02:26","date_gmt":"2014-10-11T17:02:26","guid":{"rendered":"http:\/\/www.antifaschistische-linke.de\/?p=3420"},"modified":"2014-10-11T19:03:33","modified_gmt":"2014-10-11T17:03:33","slug":"mehrere-tausend-leute-heute-auf-soli-demo-in-duesseldorf-lage-in-kobane-weiter-angespannt","status":"publish","type":"post","link":"https:\/\/www.antifaschistische-linke.de\/?p=3420","title":{"rendered":"Mehrere tausend Leute heute auf Soli-Demo in D\u00fcsseldorf &#8211; Lage in Kobane weiter angespannt"},"content":{"rendered":"<p style=\"text-align: left;\"><img decoding=\"async\" alt=\"rot\" src=\"http:\/\/www.antifaschistische-linke.de\/Bilder\/roterstern.png\" align=\"left\" \/><em>Samstag, 11.10.2014<\/em><br \/>\n<strong>International. <\/strong> Heute fand in D\u00fcsseldorf eine <a href=\"https:\/\/www.jungewelt.de\/inland\/zehntausende-f%C3%BCr-kobani\">Gro\u00dfdemonstration in Solidarit\u00e4t mit Koban\u00ea<\/a> statt. Der massenhafte Protest in der T\u00fcrkei, der sich mit Staatsterror, einer bewaffneten <a href=\"http:\/\/www.nadir.org\/nadir\/initiativ\/isku\/pressekurdturk\/2014\/41\/15.htm\">Konterguerilla<\/a> und <a href=\"http:\/\/civaka-azad.org\/die-nachtaegliche-kriegserklaerung-des-tuerkischen-staatspraesidenten-erdogan\/\">massiver Repression<\/a> konfrontiert sieht, geht unvermindert weiter. Denn <a href=\"http:\/\/civaka-azad.org\/ueberall-ist-kobane-ueberall-ist-widerstand\/\">die Lage in Koban\u00ea<\/a> bleibt angespannt, da der IS weiterhin mit massiven Mitteln gegen die Stadt vorgeht. Auch in\u00a0Sinjar ist die Lage noch angespannt, die angek\u00fcndigte Peschmerga-Gro\u00dfoffensive gegen den IS bleibt weiterhin aus. Zur Lage in Koban\u00ea wollen wir weiterhin auf den <a href=\"http:\/\/civaka-azad.org\/belagerung-von-kobane-wird-begleitet-vom-staatsterror-der-tuerkei-newsticker\/\">Newsticker von Civaka Azad <\/a>hinweisen. \u00dcberall ist Kobane, \u00fcberall ist Widerstand!<\/p>\n","protected":false},"excerpt":{"rendered":"<p>Samstag, 11.10.2014 International. Heute fand in D\u00fcsseldorf eine Gro\u00dfdemonstration in Solidarit\u00e4t mit Koban\u00ea statt. Der massenhafte Protest in der T\u00fcrkei, der sich mit Staatsterror, einer bewaffneten Konterguerilla und massiver Repression konfrontiert sieht, geht unvermindert weiter. Denn die Lage in Koban\u00ea bleibt angespannt, da der IS weiterhin mit massiven Mitteln gegen die Stadt vorgeht. Auch in\u00a0Sinjar [&hellip;]<\/p>\n","protected":false},"author":1,"featured_media":0,"comment_status":"closed","ping_status":"closed","sticky":false,"template":"","format":"standard","meta":[],"categories":[3,6,4],"tags":[881,12,14,194],"_links":{"self":[{"href":"https:\/\/www.antifaschistische-linke.de\/index.php?rest_route=\/wp\/v2\/posts\/3420"}],"collection":[{"href":"https:\/\/www.antifaschistische-linke.de\/index.php?rest_route=\/wp\/v2\/posts"}],"about":[{"href":"https:\/\/www.antifaschistische-linke.de\/index.php?rest_route=\/wp\/v2\/types\/post"}],"author":[{"embeddable":true,"href":"https:\/\/www.antifaschistische-linke.de\/index.php?rest_route=\/wp\/v2\/users\/1"}],"replies":[{"embeddable":true,"href":"https:\/\/www.antifaschistische-linke.de\/index.php?rest_route=%2Fwp%2Fv2%2Fcomments&post=3420"}],"version-history":[{"count":0,"href":"https:\/\/www.antifaschistische-linke.de\/index.php?rest_route=\/wp\/v2\/posts\/3420\/revisions"}],"wp:attachment":[{"href":"https:\/\/www.antifaschistische-linke.de\/index.php?rest_route=%2Fwp%2Fv2%2Fmedia&parent=3420"}],"wp:term":[{"taxonomy":"category","embeddable":true,"href":"https:\/\/www.antifaschistische-linke.de\/index.php?rest_route=%2Fwp%2Fv2%2Fcategories&post=3420"},{"taxonomy":"post_tag","embeddable":true,"href":"https:\/\/www.antifaschistische-linke.de\/index.php?rest_route=%2Fwp%2Fv2%2Ftags&post=3420"}],"curies":[{"name":"wp","href":"https:\/\/api.w.org\/{rel}","templated":true}]}}