{"id":3427,"date":"2014-10-16T15:16:44","date_gmt":"2014-10-16T13:16:44","guid":{"rendered":"http:\/\/www.antifaschistische-linke.de\/?p=3427"},"modified":"2014-10-16T15:17:51","modified_gmt":"2014-10-16T13:17:51","slug":"widerstand-in-kobane-dauert-an","status":"publish","type":"post","link":"https:\/\/www.antifaschistische-linke.de\/?p=3427","title":{"rendered":"Widerstand in Kobane dauert an &#8211;  Samstag Demo in Offenburg"},"content":{"rendered":"<p style=\"text-align: left;\"><img decoding=\"async\" alt=\"rot\" src=\"http:\/\/www.antifaschistische-linke.de\/Bilder\/roterstern.png\" align=\"left\" \/><em>Donnerstag, 16.10.2014<\/em><br \/>\n<strong>International. <\/strong>W\u00e4hrend der <a href=\"http:\/\/en.firatajans.com\/news\/news\/1294-isis-members-killed-in-kobane.htm\">Widerstand in Kobane<\/a> weiter andauert und <a href=\"http:\/\/en.firatajans.com\/news\/news\/ypg-some-areas-retaken-from-isis-in-kobane.htm\">einige Teile der Stadt wieder befreit<\/a> werden konnten hat der t\u00fcrkische Staat <a href=\"https:\/\/www.jungewelt.de\/titel\/luftschl%C3%A4ge-gegen-die-pkk\">vermutete Stellungen der PKK auf t\u00fcrkischem Staatsgebiet bombardiert<\/a>! Linke Journalisten aus der BRD waren <a href=\"https:\/\/www.jungewelt.de\/kultur-medien\/%C2%BBfuck-journalists%C2%AB\">letzte Woche mit dem Vorwurf sie seien &#8222;Spione&#8220;<\/a> im Osten der T\u00fcrkei festgenommen worden, als sie \u00fcber die andauernden Proteste berichten wollten. Bezeichnenderweise bezichtigt Erdogans Regierung zum wiederholten Mal ausl\u00e4ndische M\u00e4chte hinter den <a href=\"https:\/\/www.jungewelt.de\/titel\/t%C3%BCrkei-vor-b%C3%BCrgerkrieg\">massiven Protesten<\/a> zu stecken. Derweil wurde der <a href=\"https:\/\/www.jungewelt.de\/medien\/kurdischer-journalist-ermordet\">kurdische Journalist Kadri Bagdu ermordet<\/a>. Auf Civaka Azad erschien ein Hintergrundartikel zum <a href=\"http:\/\/civaka-azad.org\/tuerkische-hizbullah-und-andere-mafioese-strukturen-kontrabanden-der-heutigen-zeit\/\">t\u00fcrkischen Staatsterrorismus und der organisierten Konterguerilla<\/a>. In Freiburg findet noch bis Samstag jeden Tag eine Mahnwache auf dem Rathausplatz von 10 bis 18 Uhr statt. Samstag findet <a href=\"http:\/\/linksjugend-solid-bw.de\/ortenau\/2014\/10\/07\/stoppt-den-terror-des-is-solidaritat-mit-rojava\/\">eine Demonstration in Solidarit\u00e4t mit Rojava in Offenburg <\/a>statt. Los gehen wird diese Demonstration, die von der linksjugend solid Ortenau, der Linke Offenburg und der VVN-BdA Ortenau organisiert wird, um 14 Uhr am Busbahnhof. Solidarit\u00e4t mit Rojava!<\/p>\n","protected":false},"excerpt":{"rendered":"<p>Donnerstag, 16.10.2014 International. W\u00e4hrend der Widerstand in Kobane weiter andauert und einige Teile der Stadt wieder befreit werden konnten hat der t\u00fcrkische Staat vermutete Stellungen der PKK auf t\u00fcrkischem Staatsgebiet bombardiert! Linke Journalisten aus der BRD waren letzte Woche mit dem Vorwurf sie seien &#8222;Spione&#8220; im Osten der T\u00fcrkei festgenommen worden, als sie \u00fcber die [&hellip;]<\/p>\n","protected":false},"author":1,"featured_media":0,"comment_status":"closed","ping_status":"closed","sticky":false,"template":"","format":"standard","meta":[],"categories":[3,6,4],"tags":[881,714,14],"_links":{"self":[{"href":"https:\/\/www.antifaschistische-linke.de\/index.php?rest_route=\/wp\/v2\/posts\/3427"}],"collection":[{"href":"https:\/\/www.antifaschistische-linke.de\/index.php?rest_route=\/wp\/v2\/posts"}],"about":[{"href":"https:\/\/www.antifaschistische-linke.de\/index.php?rest_route=\/wp\/v2\/types\/post"}],"author":[{"embeddable":true,"href":"https:\/\/www.antifaschistische-linke.de\/index.php?rest_route=\/wp\/v2\/users\/1"}],"replies":[{"embeddable":true,"href":"https:\/\/www.antifaschistische-linke.de\/index.php?rest_route=%2Fwp%2Fv2%2Fcomments&post=3427"}],"version-history":[{"count":0,"href":"https:\/\/www.antifaschistische-linke.de\/index.php?rest_route=\/wp\/v2\/posts\/3427\/revisions"}],"wp:attachment":[{"href":"https:\/\/www.antifaschistische-linke.de\/index.php?rest_route=%2Fwp%2Fv2%2Fmedia&parent=3427"}],"wp:term":[{"taxonomy":"category","embeddable":true,"href":"https:\/\/www.antifaschistische-linke.de\/index.php?rest_route=%2Fwp%2Fv2%2Fcategories&post=3427"},{"taxonomy":"post_tag","embeddable":true,"href":"https:\/\/www.antifaschistische-linke.de\/index.php?rest_route=%2Fwp%2Fv2%2Ftags&post=3427"}],"curies":[{"name":"wp","href":"https:\/\/api.w.org\/{rel}","templated":true}]}}