{"id":3461,"date":"2014-10-23T15:58:57","date_gmt":"2014-10-23T13:58:57","guid":{"rendered":"http:\/\/www.antifaschistische-linke.de\/?p=3461"},"modified":"2014-10-23T15:58:57","modified_gmt":"2014-10-23T13:58:57","slug":"21-und-22-oktober-1940-wagner-buerckel-aktion","status":"publish","type":"post","link":"https:\/\/www.antifaschistische-linke.de\/?p=3461","title":{"rendered":"21. und 22.Oktober 1940: Wagner-B\u00fcrckel-Aktion"},"content":{"rendered":"<p><img decoding=\"async\" alt=\"antifaklein\" src=\"http:\/\/www.antifaschistische-linke.de\/Bilder\/afalogoklein.png\" align=\"left\" \/><em>Donnerstag, 23.10.2014.<\/em><br \/>\n<strong>Baden\/Saarland\/Rheinland-Pfalz.<\/strong> Am 21. und 22. Oktober 1940 wurden 6500 J\u00fcdinnen und Juden aus Baden, dem heutigen Saarland und Rheinland-Pfalz in einer konzentrierten Aktion in das Lager Gurs in den Pyren\u00e4en deportiert. Nach knapp zwei Jahren wurden die \u00dcberlebenden, nur noch knapp die H\u00e4lfte, nach Auschwitz deportiert. 2011 hat das <a href=\"http:\/\/antifaortenau.noblogs.org\">Antifaschistische B\u00fcndnis Ortenau<\/a>, an dem wir auch beteiligt waren, im Zuge der Mobilisierung gegen den damals in Offenburg am Jahrestag der Deportation geplanten Naziaufmarsch, einen <a href=\"http:\/\/antifaortenau.noblogs.org\/texte-informationen\/kein-antisemitismus-weder-in-offenburg-noch-anderswo\/\">kleinen Hintergrundtext<\/a> ver\u00f6ffentlicht. Wir gedenken allen Opfern des Faschismus!<\/p>\n","protected":false},"excerpt":{"rendered":"<p>Donnerstag, 23.10.2014. Baden\/Saarland\/Rheinland-Pfalz. Am 21. und 22. Oktober 1940 wurden 6500 J\u00fcdinnen und Juden aus Baden, dem heutigen Saarland und Rheinland-Pfalz in einer konzentrierten Aktion in das Lager Gurs in den Pyren\u00e4en deportiert. Nach knapp zwei Jahren wurden die \u00dcberlebenden, nur noch knapp die H\u00e4lfte, nach Auschwitz deportiert. 2011 hat das Antifaschistische B\u00fcndnis Ortenau, an [&hellip;]<\/p>\n","protected":false},"author":1,"featured_media":0,"comment_status":"closed","ping_status":"closed","sticky":false,"template":"","format":"standard","meta":[],"categories":[1,3],"tags":[879,131,217,253],"_links":{"self":[{"href":"https:\/\/www.antifaschistische-linke.de\/index.php?rest_route=\/wp\/v2\/posts\/3461"}],"collection":[{"href":"https:\/\/www.antifaschistische-linke.de\/index.php?rest_route=\/wp\/v2\/posts"}],"about":[{"href":"https:\/\/www.antifaschistische-linke.de\/index.php?rest_route=\/wp\/v2\/types\/post"}],"author":[{"embeddable":true,"href":"https:\/\/www.antifaschistische-linke.de\/index.php?rest_route=\/wp\/v2\/users\/1"}],"replies":[{"embeddable":true,"href":"https:\/\/www.antifaschistische-linke.de\/index.php?rest_route=%2Fwp%2Fv2%2Fcomments&post=3461"}],"version-history":[{"count":0,"href":"https:\/\/www.antifaschistische-linke.de\/index.php?rest_route=\/wp\/v2\/posts\/3461\/revisions"}],"wp:attachment":[{"href":"https:\/\/www.antifaschistische-linke.de\/index.php?rest_route=%2Fwp%2Fv2%2Fmedia&parent=3461"}],"wp:term":[{"taxonomy":"category","embeddable":true,"href":"https:\/\/www.antifaschistische-linke.de\/index.php?rest_route=%2Fwp%2Fv2%2Fcategories&post=3461"},{"taxonomy":"post_tag","embeddable":true,"href":"https:\/\/www.antifaschistische-linke.de\/index.php?rest_route=%2Fwp%2Fv2%2Ftags&post=3461"}],"curies":[{"name":"wp","href":"https:\/\/api.w.org\/{rel}","templated":true}]}}