{"id":3487,"date":"2014-10-26T02:11:07","date_gmt":"2014-10-26T01:11:07","guid":{"rendered":"http:\/\/www.antifaschistische-linke.de\/?p=3487"},"modified":"2014-10-26T02:11:36","modified_gmt":"2014-10-26T00:11:36","slug":"prozess-in-stuttgart-am-27-10-wegen-angeblichem-fotografieren-eines-zivis","status":"publish","type":"post","link":"https:\/\/www.antifaschistische-linke.de\/?p=3487","title":{"rendered":"Prozess in Stuttgart am 27.10. wegen angeblichem Fotografieren eines Zivis"},"content":{"rendered":"<p><img decoding=\"async\" alt=\"antifaklein\" src=\"http:\/\/www.antifaschistische-linke.de\/Bilder\/afalogoklein.png\" align=\"left\" \/><em>Sonntag, 26.10.2014.<\/em><br \/>\n<strong>Stuttgart. <\/strong>Seit Jahresbeginn finden in unregelm\u00e4\u00dfigen Abst\u00e4nden in der Stuttgarter Innenstadt homophobe bzw. rechtsgerichtete Demonstrationen einer Allianz aus fundamentalistischen Christen, Konservativen\u00a0 und Rechtspopulisten statt. Anlass f\u00fcr die Aufm\u00e4rsche sind die mittlerweile aufgeschobenen Pl\u00e4ne der gr\u00fcn-roten Landesregierung die Vielfalt des menschlichen Zusammenlebens im Schulunterricht intensiver zu thematisieren. Seit Anfang der rechten Umtriebe regten sich Proteste gegen die Veranstaltungen der selbsternannten \u201cDemo f\u00fcr Alle\u201d. <a href=\"https:\/\/aabstgt.wordpress.com\/2014\/10\/22\/bitte-lacheln-aufruf-zur-prozessbegleitung-am-27-10-2014\/\">Einem linken Aktivisten wird nun am 27. Oktober 2014 der Prozess gemacht<\/a>, weil er w\u00e4hrend der Proteste den bekannten Stuttgarter Staatssch\u00fctzer S. protr\u00e4tiert haben soll. S., der seit Jahren in der politischen Abteilung t\u00e4tig ist, f\u00fchlt sich durch die Dokumentation seiner T\u00e4tigkeit als \u201cZivi\u201d in seinen Pers\u00f6nlichkeitsrechten verletzt und hat pers\u00f6nlich Anzeige gegen den ihm bekannten Aktivisten erstellt. Verhandelt wird deshalb gegen den Aktivisten wegen einem \u201cVersto\u00df gegen das Kunsturhebergesetz\u201d. Kommt zur Prozessbeobachtung am 27.10.2014 um 13 Uhr am Stuttgarter Amtsgericht!<\/p>\n","protected":false},"excerpt":{"rendered":"<p>Sonntag, 26.10.2014. Stuttgart. Seit Jahresbeginn finden in unregelm\u00e4\u00dfigen Abst\u00e4nden in der Stuttgarter Innenstadt homophobe bzw. rechtsgerichtete Demonstrationen einer Allianz aus fundamentalistischen Christen, Konservativen\u00a0 und Rechtspopulisten statt. Anlass f\u00fcr die Aufm\u00e4rsche sind die mittlerweile aufgeschobenen Pl\u00e4ne der gr\u00fcn-roten Landesregierung die Vielfalt des menschlichen Zusammenlebens im Schulunterricht intensiver zu thematisieren. Seit Anfang der rechten Umtriebe regten sich [&hellip;]<\/p>\n","protected":false},"author":1,"featured_media":0,"comment_status":"closed","ping_status":"closed","sticky":false,"template":"","format":"standard","meta":[],"categories":[1,3],"tags":[720,48,18,120],"_links":{"self":[{"href":"https:\/\/www.antifaschistische-linke.de\/index.php?rest_route=\/wp\/v2\/posts\/3487"}],"collection":[{"href":"https:\/\/www.antifaschistische-linke.de\/index.php?rest_route=\/wp\/v2\/posts"}],"about":[{"href":"https:\/\/www.antifaschistische-linke.de\/index.php?rest_route=\/wp\/v2\/types\/post"}],"author":[{"embeddable":true,"href":"https:\/\/www.antifaschistische-linke.de\/index.php?rest_route=\/wp\/v2\/users\/1"}],"replies":[{"embeddable":true,"href":"https:\/\/www.antifaschistische-linke.de\/index.php?rest_route=%2Fwp%2Fv2%2Fcomments&post=3487"}],"version-history":[{"count":0,"href":"https:\/\/www.antifaschistische-linke.de\/index.php?rest_route=\/wp\/v2\/posts\/3487\/revisions"}],"wp:attachment":[{"href":"https:\/\/www.antifaschistische-linke.de\/index.php?rest_route=%2Fwp%2Fv2%2Fmedia&parent=3487"}],"wp:term":[{"taxonomy":"category","embeddable":true,"href":"https:\/\/www.antifaschistische-linke.de\/index.php?rest_route=%2Fwp%2Fv2%2Fcategories&post=3487"},{"taxonomy":"post_tag","embeddable":true,"href":"https:\/\/www.antifaschistische-linke.de\/index.php?rest_route=%2Fwp%2Fv2%2Ftags&post=3487"}],"curies":[{"name":"wp","href":"https:\/\/api.w.org\/{rel}","templated":true}]}}