{"id":3497,"date":"2014-10-29T12:28:24","date_gmt":"2014-10-29T11:28:24","guid":{"rendered":"http:\/\/www.antifaschistische-linke.de\/?p=3497"},"modified":"2014-10-29T12:33:07","modified_gmt":"2014-10-29T11:33:07","slug":"rechte-gewalt-und-ausschreitungen-in-koeln","status":"publish","type":"post","link":"https:\/\/www.antifaschistische-linke.de\/?p=3497","title":{"rendered":"Rechte Gewalt und Ausschreitungen in K\u00f6ln"},"content":{"rendered":"<p><img decoding=\"async\" alt=\"antifaklein\" src=\"http:\/\/www.antifaschistische-linke.de\/Bilder\/afalogoklein.png\" align=\"left\" \/><em>Mittwoch, 29.10.2014.<\/em><br \/>\n<strong>K\u00f6ln.<\/strong> Am vergangenen Samstag versammelten sich<a title=\"Junge Welt: Hooligans gegen Salafismus\" href=\"https:\/\/www.jungewelt.de\/schwerpunkt\/eskalation-keine-%C3%BCberraschung\"> rechte Hooligans, Faschisten, Rassisten und Rechtspopulisten <\/a>rund um das <a title=\"Faszination Fankurve\" href=\"http:\/\/www.faszination-fankurve.de\/index.php?head=Gegendemo-zu-Hooligans-gegen-Salafisten&amp;folder=sites&amp;site=news_detail&amp;news_id=8023\">Netzwerk &#8222;Hooligans gegen Salafisten&#8220; in K\u00f6ln. <\/a>Von der Polizei relativ unbehelligt <a title=\"Faszination Fankurve\" href=\"http:\/\/www.faszination-fankurve.de\/index.php?head=Live-Ticker-HoGeSa-Demo-eskalierte-am-HBF&amp;folder=sites&amp;site=news_detail&amp;news_id=8111&amp;gal_id=458&amp;bild_nr=1#kom13278\">zogen an die 4000 gewaltbereite Rechte<\/a> durch die Stadt. Zum Auftakt spielte die bekannte rechte Hooligan Band Kategorie C. Es kam zu schweren Auseinandersetzungen mit der Polizei und zu zahlreichen \u00dcbergriffen auf Migranten, Gegendemonstranten, Mitreisende in Z\u00fcgen und Journalisten. Parolen wie &#8222;Deutschland den Deutschen, Ausl\u00e4nder raus&#8220; und &#8222;Frei, sozial und national&#8220;\u00a0 verdeutlichten einmal mehr, um was es &#8222;HogeSa&#8220; und deren Symphatisanten geht. Der Sumpf um &#8222;HogeSa&#8220; nutzt die berechtigte Wut gegen Salafisten und den barabarischen IS, um ihre menschverachtenden und rassistischen Ideologien zu verbreiten und auf die Stra\u00dfe zu bringen. Der Protest gegen den Terror des IS muss sich genauso entschieden gegen solche rechte Vereinahmungsversuche stellen!<\/p>\n","protected":false},"excerpt":{"rendered":"<p>Mittwoch, 29.10.2014. K\u00f6ln. Am vergangenen Samstag versammelten sich rechte Hooligans, Faschisten, Rassisten und Rechtspopulisten rund um das Netzwerk &#8222;Hooligans gegen Salafisten&#8220; in K\u00f6ln. Von der Polizei relativ unbehelligt zogen an die 4000 gewaltbereite Rechte durch die Stadt. Zum Auftakt spielte die bekannte rechte Hooligan Band Kategorie C. Es kam zu schweren Auseinandersetzungen mit der Polizei [&hellip;]<\/p>\n","protected":false},"author":1,"featured_media":0,"comment_status":"closed","ping_status":"closed","sticky":false,"template":"","format":"standard","meta":[],"categories":[1,3],"tags":[722,723],"_links":{"self":[{"href":"https:\/\/www.antifaschistische-linke.de\/index.php?rest_route=\/wp\/v2\/posts\/3497"}],"collection":[{"href":"https:\/\/www.antifaschistische-linke.de\/index.php?rest_route=\/wp\/v2\/posts"}],"about":[{"href":"https:\/\/www.antifaschistische-linke.de\/index.php?rest_route=\/wp\/v2\/types\/post"}],"author":[{"embeddable":true,"href":"https:\/\/www.antifaschistische-linke.de\/index.php?rest_route=\/wp\/v2\/users\/1"}],"replies":[{"embeddable":true,"href":"https:\/\/www.antifaschistische-linke.de\/index.php?rest_route=%2Fwp%2Fv2%2Fcomments&post=3497"}],"version-history":[{"count":0,"href":"https:\/\/www.antifaschistische-linke.de\/index.php?rest_route=\/wp\/v2\/posts\/3497\/revisions"}],"wp:attachment":[{"href":"https:\/\/www.antifaschistische-linke.de\/index.php?rest_route=%2Fwp%2Fv2%2Fmedia&parent=3497"}],"wp:term":[{"taxonomy":"category","embeddable":true,"href":"https:\/\/www.antifaschistische-linke.de\/index.php?rest_route=%2Fwp%2Fv2%2Fcategories&post=3497"},{"taxonomy":"post_tag","embeddable":true,"href":"https:\/\/www.antifaschistische-linke.de\/index.php?rest_route=%2Fwp%2Fv2%2Ftags&post=3497"}],"curies":[{"name":"wp","href":"https:\/\/api.w.org\/{rel}","templated":true}]}}