{"id":3600,"date":"2014-11-10T18:20:29","date_gmt":"2014-11-10T17:20:29","guid":{"rendered":"http:\/\/www.antifaschistische-linke.de\/?p=3600"},"modified":"2014-11-10T18:20:29","modified_gmt":"2014-11-10T17:20:29","slug":"rojava-solidemo-in-freiburg-und-in-vielen-anderen-staedten","status":"publish","type":"post","link":"https:\/\/www.antifaschistische-linke.de\/?p=3600","title":{"rendered":"Rojava-Solidemo in Freiburg und in vielen anderen St\u00e4dten."},"content":{"rendered":"<p><em><img decoding=\"async\" alt=\"rot\" src=\"http:\/\/www.antifaschistische-linke.de\/Bilder\/roterstern.png\" align=\"left\" \/>Montag, 10.11.2014<\/em><br \/>\n<strong>Freiburg\/International.<\/strong> Am vergangenen Freitag, den 31. Oktober, rief das &#8222;B\u00fcndnis Kurdistan Freiburg&#8220; zu einer Demonstration auf um seine Unterst\u00fctzung mit der eingekesselten kurdischen Stadt Koban\u00ea in Nordsyrien und dem kurdischen Aufbruch in Rojava zu zeigen. \u00dcber 700 Menschen beteiligten sich an der <a href=\"http:\/\/de.indymedia.org\/node\/2586\">kraftvollen Demonstration durch die Freiburger Innenstadt<\/a>, die im Rahmen eines <a href=\"http:\/\/civaka-azad.org\/internationaler-aktionstag-fuer-die-solidaritaet-mit-kobane\/\">internationalen<\/a> Aktionstages stattfand. Dar\u00fcber hinaus gabs noch ein <a href=\"http:\/\/www.antifaschistische-linke.de\/?p=3480\">Interview bei RDL<\/a> und ein <a href=\"http:\/\/de.indymedia.org\/sites\/default\/files\/2014\/11\/5348.jpg\">Soligraffiti<\/a> &amp;\u00a0 der AKM organisierte noch einen Infostand an der PH und eine gut besuchte Veranstaltung mit einem Teilnehmenden einer Jugenddelegation. Auch in vielen anderen Gro\u00dfst\u00e4dten kam es zu Solidarit\u00e4tsdemonstrationen mit mehreren <a href=\"http:\/\/www.otkm-stuttgart.bplaced.net\/j25\/index.php\/aktionen\/465-1-november-2014-solidaritaetsdemonstration-mit-kobane-rojava\">Zehntausend Teilnehmerinnen und Teilnehmern<\/a>. Wegen des Zeigens einer PKK-Fahne in M\u00fcnchen Mitte Oktober mit den Worten &#8222;Ich fordere die Bundesregierung auf, Symbole wie diese hier nicht l\u00e4nger zu kriminalisieren, denn unter dieser Fahne wird in diesen Minuten ein Kampf f\u00fcr Freiheit, Menschenrechte und Demokratie gef\u00fchrt. Weg mit dem Verbot der PKK!&#8220; wurde die Immunit\u00e4t von Nicole Gohlke, MdB Die LINKE, aufgehoben und so der M\u00fcnchner Staatsanwaltschaft erm\u00f6glicht ein Ermittlungsverfahren einzuleiten. Die Proteste gegen das PKK-Verbot gehen derweil weiter: Am 15.November findet in <a href=\"http:\/\/ol-hn.org\/?p=825\">Heilbronn eine Demonstration<\/a> und am <a href=\"http:\/\/siempreffm.blogsport.de\/2014\/10\/28\/grossdemonstration-weg-mit-dem-pkk-verbot-verteidigt-die-revolution-in-rojava\/\">29.November in Frankfurt<\/a> statt. Dort organisiert das <a href=\"https:\/\/www.facebook.com\/iab.ffm\">Internationalistische Aktionsb\u00fcndnis Frankfurt (IAB)<\/a> anl\u00e4sslich des Jahrestags des Bet\u00e4tigungsverbots der PKK in der BRD und der anhaltend angespannten Situation um die kurdische Autonomie in Rojava, eine \u00fcberregionale Demonstration unter dem Titel &#8222;Weg mit dem PKK-Verbot! Verteidigt die Revolution in Rojava!&#8220;. Und weiter l\u00e4uft auch die <a href=\"http:\/\/rojava-solidaritaet.net\/\">Kampagne von iL &amp; YXK zur Unterst\u00fctzung von Rojava<\/a>. Time to act!<\/p>\n","protected":false},"excerpt":{"rendered":"<p>Montag, 10.11.2014 Freiburg\/International. Am vergangenen Freitag, den 31. Oktober, rief das &#8222;B\u00fcndnis Kurdistan Freiburg&#8220; zu einer Demonstration auf um seine Unterst\u00fctzung mit der eingekesselten kurdischen Stadt Koban\u00ea in Nordsyrien und dem kurdischen Aufbruch in Rojava zu zeigen. \u00dcber 700 Menschen beteiligten sich an der kraftvollen Demonstration durch die Freiburger Innenstadt, die im Rahmen eines internationalen [&hellip;]<\/p>\n","protected":false},"author":1,"featured_media":0,"comment_status":"closed","ping_status":"closed","sticky":false,"template":"","format":"standard","meta":[],"categories":[3,6,4],"tags":[267,28,184,13,165,140,300,14,194,205,339],"_links":{"self":[{"href":"https:\/\/www.antifaschistische-linke.de\/index.php?rest_route=\/wp\/v2\/posts\/3600"}],"collection":[{"href":"https:\/\/www.antifaschistische-linke.de\/index.php?rest_route=\/wp\/v2\/posts"}],"about":[{"href":"https:\/\/www.antifaschistische-linke.de\/index.php?rest_route=\/wp\/v2\/types\/post"}],"author":[{"embeddable":true,"href":"https:\/\/www.antifaschistische-linke.de\/index.php?rest_route=\/wp\/v2\/users\/1"}],"replies":[{"embeddable":true,"href":"https:\/\/www.antifaschistische-linke.de\/index.php?rest_route=%2Fwp%2Fv2%2Fcomments&post=3600"}],"version-history":[{"count":0,"href":"https:\/\/www.antifaschistische-linke.de\/index.php?rest_route=\/wp\/v2\/posts\/3600\/revisions"}],"wp:attachment":[{"href":"https:\/\/www.antifaschistische-linke.de\/index.php?rest_route=%2Fwp%2Fv2%2Fmedia&parent=3600"}],"wp:term":[{"taxonomy":"category","embeddable":true,"href":"https:\/\/www.antifaschistische-linke.de\/index.php?rest_route=%2Fwp%2Fv2%2Fcategories&post=3600"},{"taxonomy":"post_tag","embeddable":true,"href":"https:\/\/www.antifaschistische-linke.de\/index.php?rest_route=%2Fwp%2Fv2%2Ftags&post=3600"}],"curies":[{"name":"wp","href":"https:\/\/api.w.org\/{rel}","templated":true}]}}