{"id":3601,"date":"2014-11-10T18:16:07","date_gmt":"2014-11-10T17:16:07","guid":{"rendered":"http:\/\/www.antifaschistische-linke.de\/?p=3601"},"modified":"2014-11-10T18:27:53","modified_gmt":"2014-11-10T17:27:53","slug":"einladung-zu-einem-gruendungs-treffen-eines-solidaritaets-buendnis-fuer-die-beschaeftigen-der-sozial-und-erziehungsdienste","status":"publish","type":"post","link":"https:\/\/www.antifaschistische-linke.de\/?p=3601","title":{"rendered":"Einladung zu einem Gr\u00fcndungs-Treffen eines Solidarit\u00e4ts-B\u00fcndnis &#8222;Kita-Streik&#8220;"},"content":{"rendered":"<p><em><img decoding=\"async\" alt=\"rot\" src=\"http:\/\/www.antifaschistische-linke.de\/Bilder\/roterstern.png\" align=\"left\" \/>Montag, 10.11.2014<\/em><br \/>\n<strong>Freiburg.<\/strong>\u201eBessere Bedingungen f\u00fcr Kita-Besch\u00e4ftigte gehen uns alle an! Gemeinsam \u00f6ffentlichen Druck f\u00fcr bessere Arbeitsbedingungen machen!\u201c &#8211; Einladung f\u00fcr ein Solidarit\u00e4tsb\u00fcndnis \u201eKita-Streik\u201c. Am Mittwoch, den 12.November, soll ab 20 Uhr soll im DGB-Haus in Freiburg (Hebelstra\u00dfe 10) ein \u00f6ffentliches Solidarit\u00e4ts-B\u00fcndnis gegr\u00fcndet werden um die Forderungen der Besch\u00e4ftigten zu unterst\u00fctzen. Dabei soll es dann auch um konkrete Aktionen gehen.<\/p>\n","protected":false},"excerpt":{"rendered":"<p>Montag, 10.11.2014 Freiburg.\u201eBessere Bedingungen f\u00fcr Kita-Besch\u00e4ftigte gehen uns alle an! Gemeinsam \u00f6ffentlichen Druck f\u00fcr bessere Arbeitsbedingungen machen!\u201c &#8211; Einladung f\u00fcr ein Solidarit\u00e4tsb\u00fcndnis \u201eKita-Streik\u201c. Am Mittwoch, den 12.November, soll ab 20 Uhr soll im DGB-Haus in Freiburg (Hebelstra\u00dfe 10) ein \u00f6ffentliches Solidarit\u00e4ts-B\u00fcndnis gegr\u00fcndet werden um die Forderungen der Besch\u00e4ftigten zu unterst\u00fctzen. Dabei soll es dann auch [&hellip;]<\/p>\n","protected":false},"author":1,"featured_media":0,"comment_status":"closed","ping_status":"closed","sticky":false,"template":"","format":"standard","meta":[],"categories":[3,4],"tags":[106,13,732,77],"_links":{"self":[{"href":"https:\/\/www.antifaschistische-linke.de\/index.php?rest_route=\/wp\/v2\/posts\/3601"}],"collection":[{"href":"https:\/\/www.antifaschistische-linke.de\/index.php?rest_route=\/wp\/v2\/posts"}],"about":[{"href":"https:\/\/www.antifaschistische-linke.de\/index.php?rest_route=\/wp\/v2\/types\/post"}],"author":[{"embeddable":true,"href":"https:\/\/www.antifaschistische-linke.de\/index.php?rest_route=\/wp\/v2\/users\/1"}],"replies":[{"embeddable":true,"href":"https:\/\/www.antifaschistische-linke.de\/index.php?rest_route=%2Fwp%2Fv2%2Fcomments&post=3601"}],"version-history":[{"count":0,"href":"https:\/\/www.antifaschistische-linke.de\/index.php?rest_route=\/wp\/v2\/posts\/3601\/revisions"}],"wp:attachment":[{"href":"https:\/\/www.antifaschistische-linke.de\/index.php?rest_route=%2Fwp%2Fv2%2Fmedia&parent=3601"}],"wp:term":[{"taxonomy":"category","embeddable":true,"href":"https:\/\/www.antifaschistische-linke.de\/index.php?rest_route=%2Fwp%2Fv2%2Fcategories&post=3601"},{"taxonomy":"post_tag","embeddable":true,"href":"https:\/\/www.antifaschistische-linke.de\/index.php?rest_route=%2Fwp%2Fv2%2Ftags&post=3601"}],"curies":[{"name":"wp","href":"https:\/\/api.w.org\/{rel}","templated":true}]}}