{"id":3613,"date":"2014-11-13T16:00:25","date_gmt":"2014-11-13T15:00:25","guid":{"rendered":"http:\/\/www.antifaschistische-linke.de\/?p=3613"},"modified":"2014-11-13T16:01:34","modified_gmt":"2014-11-13T15:01:34","slug":"proteste-gegen-die-osze-ministerratskonferenz-auf-der-messe-basel-gemeinsame-anreise-zur-gegendemo-am-5-dezember-ab-freiburg","status":"publish","type":"post","link":"https:\/\/www.antifaschistische-linke.de\/?p=3613","title":{"rendered":"Proteste gegen die OSZE-Konferenz in Basel &#8211; Gemeinsame Anreise zur Gegendemo am 5.Dezember ab Freiburg"},"content":{"rendered":"<p><em><img decoding=\"async\" alt=\"rot\" src=\"http:\/\/www.antifaschistische-linke.de\/Bilder\/roterstern.png\" align=\"left\" \/>Donnerstag, 13.11.2014<\/em><br \/>\n<strong>Basel\/Freiburg. <\/strong>Am 4. und 5. Dezember findet in der Messe Basel das Ministerratstreffen der <a href=\"http:\/\/osze-angreifen.org\/uber-uns\/grundsatzpapier\/\">OSZE (Organisation f\u00fcr Sicherheit und Zusammenarbeit in Europa)<\/a> statt, zu der rund 1200 Delegierte aus insgesamt 57 L\u00e4ndern erwartet werden. &#8222;Abgesichert&#8220; wird die Veranstaltung von rund 1000 Cops, der Grenzwache und als Kr\u00f6nung 5000 Soldaten. Wie bei vielen Ereignissen dieser Art wird die Konferenz in einer abgeschotteten und streng \u00fcberwachten \u00abroten Zone\u00bb stattfinden. Zu Protesten gegen die Konferenz ruft das <a href=\"http:\/\/osze-angreifen.org\/\">B\u00fcndnis gegen OSZE-Basel<\/a> auf. Am 4.Dezember wird unter anderem ein Konzert mit der bekannten linken Band &#8222;Grup Yorum&#8220; stattfinden bevor dann am Freitag Abend eine zentrale Gegendemo stattfinden wird. Zu dieser Demo organisiert das <a href=\"http:\/\/blockupy-freiburg.tk\">Blockupy-B\u00fcndnis Freiburg<\/a> eine gemeinsame Anreise. Zugtreffpunkt ist am 5.Dezember um 16 Uhr auf dem Gleis 4.<\/p>\n","protected":false},"excerpt":{"rendered":"<p>Donnerstag, 13.11.2014 Basel\/Freiburg. Am 4. und 5. Dezember findet in der Messe Basel das Ministerratstreffen der OSZE (Organisation f\u00fcr Sicherheit und Zusammenarbeit in Europa) statt, zu der rund 1200 Delegierte aus insgesamt 57 L\u00e4ndern erwartet werden. &#8222;Abgesichert&#8220; wird die Veranstaltung von rund 1000 Cops, der Grenzwache und als Kr\u00f6nung 5000 Soldaten. Wie bei vielen Ereignissen [&hellip;]<\/p>\n","protected":false},"author":1,"featured_media":0,"comment_status":"closed","ping_status":"closed","sticky":false,"template":"","format":"standard","meta":[],"categories":[3,6,4],"tags":[71,13,735,721,734],"_links":{"self":[{"href":"https:\/\/www.antifaschistische-linke.de\/index.php?rest_route=\/wp\/v2\/posts\/3613"}],"collection":[{"href":"https:\/\/www.antifaschistische-linke.de\/index.php?rest_route=\/wp\/v2\/posts"}],"about":[{"href":"https:\/\/www.antifaschistische-linke.de\/index.php?rest_route=\/wp\/v2\/types\/post"}],"author":[{"embeddable":true,"href":"https:\/\/www.antifaschistische-linke.de\/index.php?rest_route=\/wp\/v2\/users\/1"}],"replies":[{"embeddable":true,"href":"https:\/\/www.antifaschistische-linke.de\/index.php?rest_route=%2Fwp%2Fv2%2Fcomments&post=3613"}],"version-history":[{"count":0,"href":"https:\/\/www.antifaschistische-linke.de\/index.php?rest_route=\/wp\/v2\/posts\/3613\/revisions"}],"wp:attachment":[{"href":"https:\/\/www.antifaschistische-linke.de\/index.php?rest_route=%2Fwp%2Fv2%2Fmedia&parent=3613"}],"wp:term":[{"taxonomy":"category","embeddable":true,"href":"https:\/\/www.antifaschistische-linke.de\/index.php?rest_route=%2Fwp%2Fv2%2Fcategories&post=3613"},{"taxonomy":"post_tag","embeddable":true,"href":"https:\/\/www.antifaschistische-linke.de\/index.php?rest_route=%2Fwp%2Fv2%2Ftags&post=3613"}],"curies":[{"name":"wp","href":"https:\/\/api.w.org\/{rel}","templated":true}]}}