{"id":3622,"date":"2014-11-20T23:45:44","date_gmt":"2014-11-20T22:45:44","guid":{"rendered":"http:\/\/www.antifaschistische-linke.de\/?p=3622"},"modified":"2014-11-20T23:45:44","modified_gmt":"2014-11-20T22:45:44","slug":"prozess-wegen-tortenwurf-auf-gall-in-oehringen-bei-heilbronn","status":"publish","type":"post","link":"https:\/\/www.antifaschistische-linke.de\/?p=3622","title":{"rendered":"Prozess wegen Tortenwurf auf Gall in \u00d6hringen bei Heilbronn"},"content":{"rendered":"<p><img decoding=\"async\" alt=\"\" src=\"http:\/\/www.antifaschistische-linke.de\/Bilder\/rotehilfeklein.jpg\" align=\"left\" \/> <em>Donnerstag, 20.11.2014<\/em><br \/>\n<strong>Heilbronn. <\/strong> Der im September auf <a href=\"http:\/\/www.antifaschistische-linke.de\/?p=3316\">unbestimmte Zeit<\/a> vertagte Prozess gegen einen<a href=\"http:\/\/www.heilbronn.rote-hilfe.de\/?p=156\"> antifaschistischen Tortenwerfer<\/a> findet kommenden Donnerstag, den 27.November statt. Anfang Februar war Innenminister Gall wegen der mangelhaften Aufkl\u00e4rung des <a href=\"http:\/\/www.nsu-watch.info\/\">NSU-Kompex<\/a> von einer Heilbronner Konditorei f\u00fcr konsequente Aufkl\u00e4rung <a href=\"http:\/\/www.antifaschistische-linke.de\/?p=3312\">mit einer Torte beworfen<\/a> worden. Kommt und zeigt euch solidarisch!<\/p>\n","protected":false},"excerpt":{"rendered":"<p>Donnerstag, 20.11.2014 Heilbronn. Der im September auf unbestimmte Zeit vertagte Prozess gegen einen antifaschistischen Tortenwerfer findet kommenden Donnerstag, den 27.November statt. Anfang Februar war Innenminister Gall wegen der mangelhaften Aufkl\u00e4rung des NSU-Kompex von einer Heilbronner Konditorei f\u00fcr konsequente Aufkl\u00e4rung mit einer Torte beworfen worden. Kommt und zeigt euch solidarisch!<\/p>\n","protected":false},"author":1,"featured_media":0,"comment_status":"closed","ping_status":"closed","sticky":false,"template":"","format":"standard","meta":[],"categories":[8,3],"tags":[879,882,708,737,165,736,48,709],"_links":{"self":[{"href":"https:\/\/www.antifaschistische-linke.de\/index.php?rest_route=\/wp\/v2\/posts\/3622"}],"collection":[{"href":"https:\/\/www.antifaschistische-linke.de\/index.php?rest_route=\/wp\/v2\/posts"}],"about":[{"href":"https:\/\/www.antifaschistische-linke.de\/index.php?rest_route=\/wp\/v2\/types\/post"}],"author":[{"embeddable":true,"href":"https:\/\/www.antifaschistische-linke.de\/index.php?rest_route=\/wp\/v2\/users\/1"}],"replies":[{"embeddable":true,"href":"https:\/\/www.antifaschistische-linke.de\/index.php?rest_route=%2Fwp%2Fv2%2Fcomments&post=3622"}],"version-history":[{"count":0,"href":"https:\/\/www.antifaschistische-linke.de\/index.php?rest_route=\/wp\/v2\/posts\/3622\/revisions"}],"wp:attachment":[{"href":"https:\/\/www.antifaschistische-linke.de\/index.php?rest_route=%2Fwp%2Fv2%2Fmedia&parent=3622"}],"wp:term":[{"taxonomy":"category","embeddable":true,"href":"https:\/\/www.antifaschistische-linke.de\/index.php?rest_route=%2Fwp%2Fv2%2Fcategories&post=3622"},{"taxonomy":"post_tag","embeddable":true,"href":"https:\/\/www.antifaschistische-linke.de\/index.php?rest_route=%2Fwp%2Fv2%2Ftags&post=3622"}],"curies":[{"name":"wp","href":"https:\/\/api.w.org\/{rel}","templated":true}]}}