{"id":3628,"date":"2014-11-22T09:26:50","date_gmt":"2014-11-22T08:26:50","guid":{"rendered":"http:\/\/www.antifaschistische-linke.de\/?p=3628"},"modified":"2014-12-01T22:00:10","modified_gmt":"2014-12-01T21:00:10","slug":"3628","status":"publish","type":"post","link":"https:\/\/www.antifaschistische-linke.de\/?p=3628","title":{"rendered":"Heute: Jubil\u00e4umsfeier 25 Jahre Rote Hilfe Heilbronn"},"content":{"rendered":"<p><img decoding=\"async\" alt=\"\" src=\"http:\/\/www.antifaschistische-linke.de\/Bilder\/rotehilfeklein.jpg\" align=\"left\" \/> <em>Samstag, 22.11.2014<\/em><br \/>\n<strong>Heilbronn.<\/strong> Weil am 20. September 1989\u00a0 in Heilbronn eine Ortsgruppe der bundesweiten linken Schutz- und Solidarit\u00e4tsorganisation Rote Hilfe e.V. <a href=\"http:\/\/www.heilbronn.rote-hilfe.de\/?p=191#more-191\">gegr\u00fcndet wurde<\/a> findet heute ab 14.30 Uhr im <a href=\"http:\/\/sz-kaethe.org\/\">Sozialen Zentrum K\u00e4the<\/a> die 25 Jahre Rote Hilfe Heilbronn Jubil\u00e4umsfeier statt. Starten wird diese um 15.00 Uhr mit einem Vortrag von Hartmut R\u00fcbner \u201dZur Geschichte der linken Solidarit\u00e4tsbewegung\u201d, ab 19.00 Uhr ist dann Konzert mit Carmel Zoum und Revolte Tanzbein. Zudem hat die RH Heilbronn gemeinsam mit der <a href=\"http:\/\/ol-hn.org\">Organiserten Linken Heilbronn<\/a> eine <a href=\"http:\/\/www.heilbronn.rote-hilfe.de\/wp-content\/uploads\/Brosch%C3%BCre_25-Jahre-Rote-Hilfe-Heilbronn.pdf\">Brosch\u00fcre zu 25 Jahren Rote Hilfe in Heilbronn<\/a> herausgebracht. Solidarit\u00e4t organisieren!<\/p>\n","protected":false},"excerpt":{"rendered":"<p>Samstag, 22.11.2014 Heilbronn. Weil am 20. September 1989\u00a0 in Heilbronn eine Ortsgruppe der bundesweiten linken Schutz- und Solidarit\u00e4tsorganisation Rote Hilfe e.V. gegr\u00fcndet wurde findet heute ab 14.30 Uhr im Sozialen Zentrum K\u00e4the die 25 Jahre Rote Hilfe Heilbronn Jubil\u00e4umsfeier statt. Starten wird diese um 15.00 Uhr mit einem Vortrag von Hartmut R\u00fcbner \u201dZur Geschichte der [&hellip;]<\/p>\n","protected":false},"author":1,"featured_media":0,"comment_status":"closed","ping_status":"closed","sticky":false,"template":"","format":"standard","meta":[],"categories":[8,3],"tags":[882,165,151],"_links":{"self":[{"href":"https:\/\/www.antifaschistische-linke.de\/index.php?rest_route=\/wp\/v2\/posts\/3628"}],"collection":[{"href":"https:\/\/www.antifaschistische-linke.de\/index.php?rest_route=\/wp\/v2\/posts"}],"about":[{"href":"https:\/\/www.antifaschistische-linke.de\/index.php?rest_route=\/wp\/v2\/types\/post"}],"author":[{"embeddable":true,"href":"https:\/\/www.antifaschistische-linke.de\/index.php?rest_route=\/wp\/v2\/users\/1"}],"replies":[{"embeddable":true,"href":"https:\/\/www.antifaschistische-linke.de\/index.php?rest_route=%2Fwp%2Fv2%2Fcomments&post=3628"}],"version-history":[{"count":0,"href":"https:\/\/www.antifaschistische-linke.de\/index.php?rest_route=\/wp\/v2\/posts\/3628\/revisions"}],"wp:attachment":[{"href":"https:\/\/www.antifaschistische-linke.de\/index.php?rest_route=%2Fwp%2Fv2%2Fmedia&parent=3628"}],"wp:term":[{"taxonomy":"category","embeddable":true,"href":"https:\/\/www.antifaschistische-linke.de\/index.php?rest_route=%2Fwp%2Fv2%2Fcategories&post=3628"},{"taxonomy":"post_tag","embeddable":true,"href":"https:\/\/www.antifaschistische-linke.de\/index.php?rest_route=%2Fwp%2Fv2%2Ftags&post=3628"}],"curies":[{"name":"wp","href":"https:\/\/api.w.org\/{rel}","templated":true}]}}