{"id":3632,"date":"2014-11-25T23:56:03","date_gmt":"2014-11-25T22:56:03","guid":{"rendered":"http:\/\/www.antifaschistische-linke.de\/?p=3632"},"modified":"2014-12-01T22:00:21","modified_gmt":"2014-12-01T21:00:21","slug":"demonstration-gegen-das-pkk-verbot-am-samstag-in-der-freiburger-innenstadt","status":"publish","type":"post","link":"https:\/\/www.antifaschistische-linke.de\/?p=3632","title":{"rendered":"Demonstration gegen das PKK-Verbot am Samstag in der Freiburger Innenstadt"},"content":{"rendered":"<p><em><img decoding=\"async\" alt=\"rot\" src=\"http:\/\/www.antifaschistische-linke.de\/Bilder\/roterstern.png\" align=\"left\" \/>Dienstag, 25.11.2014<\/em><br \/>\n<strong>Freiburg. <\/strong>Samstag Mittag findet eine Demonstration gegen das PKK-Verbot in Freiburg statt. Starten wird diese um 16.30 Uhr am Augustinerplatz. Und danach hei\u00dfts ab nach L\u00f6rrach. Dort findet bereits die dritte Edition des <a href=\"http:\/\/www.antifaschistische-linke.de\/?page_id=8&#038;event=233\">Straight Ahead Festivals<\/a> statt &#8211;  mit <a href=\"http:\/\/themovement.dk\/\">The Movement<\/a> und <a href=\"http:\/\/enragedminority.blogsport.de\/\">la minorit\u00e9 enrag\u00e9e<\/a>. <\/p>\n","protected":false},"excerpt":{"rendered":"<p>Dienstag, 25.11.2014 Freiburg. Samstag Mittag findet eine Demonstration gegen das PKK-Verbot in Freiburg statt. Starten wird diese um 16.30 Uhr am Augustinerplatz. Und danach hei\u00dfts ab nach L\u00f6rrach. Dort findet bereits die dritte Edition des Straight Ahead Festivals statt &#8211; mit The Movement und la minorit\u00e9 enrag\u00e9e.<\/p>\n","protected":false},"author":1,"featured_media":0,"comment_status":"closed","ping_status":"closed","sticky":false,"template":"","format":"standard","meta":[],"categories":[3,6],"tags":[28,13,881,14,339],"_links":{"self":[{"href":"https:\/\/www.antifaschistische-linke.de\/index.php?rest_route=\/wp\/v2\/posts\/3632"}],"collection":[{"href":"https:\/\/www.antifaschistische-linke.de\/index.php?rest_route=\/wp\/v2\/posts"}],"about":[{"href":"https:\/\/www.antifaschistische-linke.de\/index.php?rest_route=\/wp\/v2\/types\/post"}],"author":[{"embeddable":true,"href":"https:\/\/www.antifaschistische-linke.de\/index.php?rest_route=\/wp\/v2\/users\/1"}],"replies":[{"embeddable":true,"href":"https:\/\/www.antifaschistische-linke.de\/index.php?rest_route=%2Fwp%2Fv2%2Fcomments&post=3632"}],"version-history":[{"count":0,"href":"https:\/\/www.antifaschistische-linke.de\/index.php?rest_route=\/wp\/v2\/posts\/3632\/revisions"}],"wp:attachment":[{"href":"https:\/\/www.antifaschistische-linke.de\/index.php?rest_route=%2Fwp%2Fv2%2Fmedia&parent=3632"}],"wp:term":[{"taxonomy":"category","embeddable":true,"href":"https:\/\/www.antifaschistische-linke.de\/index.php?rest_route=%2Fwp%2Fv2%2Fcategories&post=3632"},{"taxonomy":"post_tag","embeddable":true,"href":"https:\/\/www.antifaschistische-linke.de\/index.php?rest_route=%2Fwp%2Fv2%2Ftags&post=3632"}],"curies":[{"name":"wp","href":"https:\/\/api.w.org\/{rel}","templated":true}]}}