{"id":3638,"date":"2014-11-29T12:15:37","date_gmt":"2014-11-29T11:15:37","guid":{"rendered":"http:\/\/www.antifaschistische-linke.de\/?p=3638"},"modified":"2014-11-29T12:16:12","modified_gmt":"2014-11-29T11:16:12","slug":"prozess-gegen-mannheimer-antifaschist","status":"publish","type":"post","link":"https:\/\/www.antifaschistische-linke.de\/?p=3638","title":{"rendered":"Prozess gegen Mannheimer Antifaschist"},"content":{"rendered":"<p><img decoding=\"async\" alt=\"\" src=\"http:\/\/www.antifaschistische-linke.de\/Bilder\/rotehilfeklein.jpg\" align=\"left\" \/> <em>Samstag, 29.11.2014<\/em><br \/>\n<strong>Mannheim. <\/strong>Am 08. Dezember findet in Mannheim ein Prozess gegen einen Antifaschisten und Gewerkschaftsaktivisten statt, der wegen Beleidigung von f\u00fcnf Polizeibeamten am Rande einer antifaschistischen Spontandemonstration im M\u00e4rz 2013 in Mannheim angeklagt ist. Hier die <a title=\"Auf\u00adruf des Solik\u00adreis Mannheim\" href=\"http:\/\/www.antifaschistische-linke.de\/?p=3640\">Solidarit\u00e4tserkl\u00e4rung<\/a> des Solikreises Mannheim, die wir unterst\u00fctzen. Gemeinsam der Repression entgegentreten!<\/p>\n","protected":false},"excerpt":{"rendered":"<p>Samstag, 29.11.2014 Mannheim. Am 08. Dezember findet in Mannheim ein Prozess gegen einen Antifaschisten und Gewerkschaftsaktivisten statt, der wegen Beleidigung von f\u00fcnf Polizeibeamten am Rande einer antifaschistischen Spontandemonstration im M\u00e4rz 2013 in Mannheim angeklagt ist. Hier die Solidarit\u00e4tserkl\u00e4rung des Solikreises Mannheim, die wir unterst\u00fctzen. Gemeinsam der Repression entgegentreten!<\/p>\n","protected":false},"author":1,"featured_media":0,"comment_status":"closed","ping_status":"closed","sticky":false,"template":"","format":"standard","meta":[],"categories":[8,3],"tags":[882,344,742,741,18],"_links":{"self":[{"href":"https:\/\/www.antifaschistische-linke.de\/index.php?rest_route=\/wp\/v2\/posts\/3638"}],"collection":[{"href":"https:\/\/www.antifaschistische-linke.de\/index.php?rest_route=\/wp\/v2\/posts"}],"about":[{"href":"https:\/\/www.antifaschistische-linke.de\/index.php?rest_route=\/wp\/v2\/types\/post"}],"author":[{"embeddable":true,"href":"https:\/\/www.antifaschistische-linke.de\/index.php?rest_route=\/wp\/v2\/users\/1"}],"replies":[{"embeddable":true,"href":"https:\/\/www.antifaschistische-linke.de\/index.php?rest_route=%2Fwp%2Fv2%2Fcomments&post=3638"}],"version-history":[{"count":0,"href":"https:\/\/www.antifaschistische-linke.de\/index.php?rest_route=\/wp\/v2\/posts\/3638\/revisions"}],"wp:attachment":[{"href":"https:\/\/www.antifaschistische-linke.de\/index.php?rest_route=%2Fwp%2Fv2%2Fmedia&parent=3638"}],"wp:term":[{"taxonomy":"category","embeddable":true,"href":"https:\/\/www.antifaschistische-linke.de\/index.php?rest_route=%2Fwp%2Fv2%2Fcategories&post=3638"},{"taxonomy":"post_tag","embeddable":true,"href":"https:\/\/www.antifaschistische-linke.de\/index.php?rest_route=%2Fwp%2Fv2%2Ftags&post=3638"}],"curies":[{"name":"wp","href":"https:\/\/api.w.org\/{rel}","templated":true}]}}