{"id":3654,"date":"2014-12-08T14:43:31","date_gmt":"2014-12-08T13:43:31","guid":{"rendered":"http:\/\/www.antifaschistische-linke.de\/?p=3654"},"modified":"2014-12-08T14:43:31","modified_gmt":"2014-12-08T13:43:31","slug":"verfahren-gegen-antifa-tim-wegen-den-protesten-in-dresden-2011-wird-ab-heute-neu-aufgerollt","status":"publish","type":"post","link":"https:\/\/www.antifaschistische-linke.de\/?p=3654","title":{"rendered":"Verfahren gegen Antifa Tim wegen den Protesten in Dresden 2011 wird ab heute neu aufgerollt"},"content":{"rendered":"<p><img decoding=\"async\" alt=\"antifaklein\" src=\"http:\/\/www.antifaschistische-linke.de\/Bilder\/afalogoklein.png\" align=\"left\" \/><em>Montag, 08.12.2014.<\/em><br \/>\n<strong> Dresden. <\/strong>Seit heute Morgen l\u00e4uft in Dresden die Berufungsverhandlung gegen den Antifaschisten Tim, dem vorgeworfen wird mit den Worten &#8222;Kommt nach Vorne&#8220; per Megafon zu Straftaten aufgerufen zu haben. Obwohl die Beh\u00f6rden praktisch keine Beweise vorlegen konnten, war Tim <a href=\"http:\/\/www.antifaschistische-linke.de\/?p=1291\">Anfang 2013 zu einer Haftstrafe von einem Jahr und 10 Monaten ohne Bew\u00e4hrung verurteilt worden<\/a>. Der Richter begr\u00fcndete das harte Urteil gegen den nicht vorbestraften Familienvater damit, dass die Dresdener Bev\u00f6lkerung die Auseinandersetzungen zwischen Linken und Rechten in ihrer Stadt satt habe und daf\u00fcr jemand sein Kopf hinhalten m\u00fcsse. Der zweite Verhandlungstag ist auf den 18.Dezember angesetzt. <a href=\"http:\/\/www.kommtnachvorne.com\/prozessticker\/\">Einen Ticker zum Verfahren gibts auf der Soliseite<\/a> oder von der <a href=\"http:\/\/www.neues-deutschland.de\/artikel\/954823.berufungsprozess-gegen-tim-laeuft.html\">Zeitung neues Deutschland<\/a>.<\/p>\n","protected":false},"excerpt":{"rendered":"<p>Montag, 08.12.2014. Dresden. Seit heute Morgen l\u00e4uft in Dresden die Berufungsverhandlung gegen den Antifaschisten Tim, dem vorgeworfen wird mit den Worten &#8222;Kommt nach Vorne&#8220; per Megafon zu Straftaten aufgerufen zu haben. Obwohl die Beh\u00f6rden praktisch keine Beweise vorlegen konnten, war Tim Anfang 2013 zu einer Haftstrafe von einem Jahr und 10 Monaten ohne Bew\u00e4hrung verurteilt [&hellip;]<\/p>\n","protected":false},"author":1,"featured_media":0,"comment_status":"closed","ping_status":"closed","sticky":false,"template":"","format":"standard","meta":[],"categories":[1,3],"tags":[879,882,64,479,569,750,18,480],"_links":{"self":[{"href":"https:\/\/www.antifaschistische-linke.de\/index.php?rest_route=\/wp\/v2\/posts\/3654"}],"collection":[{"href":"https:\/\/www.antifaschistische-linke.de\/index.php?rest_route=\/wp\/v2\/posts"}],"about":[{"href":"https:\/\/www.antifaschistische-linke.de\/index.php?rest_route=\/wp\/v2\/types\/post"}],"author":[{"embeddable":true,"href":"https:\/\/www.antifaschistische-linke.de\/index.php?rest_route=\/wp\/v2\/users\/1"}],"replies":[{"embeddable":true,"href":"https:\/\/www.antifaschistische-linke.de\/index.php?rest_route=%2Fwp%2Fv2%2Fcomments&post=3654"}],"version-history":[{"count":0,"href":"https:\/\/www.antifaschistische-linke.de\/index.php?rest_route=\/wp\/v2\/posts\/3654\/revisions"}],"wp:attachment":[{"href":"https:\/\/www.antifaschistische-linke.de\/index.php?rest_route=%2Fwp%2Fv2%2Fmedia&parent=3654"}],"wp:term":[{"taxonomy":"category","embeddable":true,"href":"https:\/\/www.antifaschistische-linke.de\/index.php?rest_route=%2Fwp%2Fv2%2Fcategories&post=3654"},{"taxonomy":"post_tag","embeddable":true,"href":"https:\/\/www.antifaschistische-linke.de\/index.php?rest_route=%2Fwp%2Fv2%2Ftags&post=3654"}],"curies":[{"name":"wp","href":"https:\/\/api.w.org\/{rel}","templated":true}]}}