{"id":3658,"date":"2014-12-09T07:00:32","date_gmt":"2014-12-09T06:00:32","guid":{"rendered":"http:\/\/www.antifaschistische-linke.de\/?p=3658"},"modified":"2014-12-08T15:27:02","modified_gmt":"2014-12-08T14:27:02","slug":"stadtspaziergang-der-linken-schluss-mit-den-morden-und-hinrichtungen-widerstand-gegen-das-ns-regime-in-freiburg","status":"publish","type":"post","link":"https:\/\/www.antifaschistische-linke.de\/?p=3658","title":{"rendered":"Stadtspaziergang der Linken: &#8222;Schlu\u00df mit den Morden und Hinrichtungen!&#8220; &#8211; Widerstand gegen das NS-Regime in Freiburg"},"content":{"rendered":"<p><img decoding=\"async\" alt=\"antifaklein\" src=\"http:\/\/www.antifaschistische-linke.de\/Bilder\/afalogoklein.png\" align=\"left\" \/><em>Dienstag, 09.12.2014.<\/em><br \/>\n<strong> Freiburg. <\/strong>\u201eSchluss mit den Morden und Hinrichtungen\u201c, stand in einem illegalen Flugblatt, das Freiburger Sozialdemokraten und Kommunisten zwei Jahre nach der Errichtung der Nazi-Diktatur verteilten. Mit einem Rundgang\u00a0 zum Widerstand der Freiburger Arbeiterbewegung gegen das NS-Regime wird am Samstag, den 13.Dezember, die Reihe Linke Stadtspazierg\u00e4nge fortgesetzt. Wo marschierten durch unsere Stadt die Anh\u00e4nger des Faschismus? Wo ihre Gegner? Wer widersetzte sich dem neuen Regime? Gab es einen organisierten Widerstand gegen die Macht\u00fcbertragung an die Nazis? Der von der Freiburger Partei Die Linke organisierte Stadtspaziergang konzentriert sich bei diesen Fragen auf die Widerstandsaktionen der illegalen Arbeiterparteien. Zeitgen\u00f6ssische Texte und Lieder werden die Erl\u00e4uterungen zu diesem Kapitel der Freiburger Stadtgeschichte erg\u00e4nzen. Die Teilnahme ist gratis. Los geht es um 15 Uhr, Treffpunkt ist am Holzmarkt.<\/p>\n","protected":false},"excerpt":{"rendered":"<p>Dienstag, 09.12.2014. Freiburg. \u201eSchluss mit den Morden und Hinrichtungen\u201c, stand in einem illegalen Flugblatt, das Freiburger Sozialdemokraten und Kommunisten zwei Jahre nach der Errichtung der Nazi-Diktatur verteilten. Mit einem Rundgang\u00a0 zum Widerstand der Freiburger Arbeiterbewegung gegen das NS-Regime wird am Samstag, den 13.Dezember, die Reihe Linke Stadtspazierg\u00e4nge fortgesetzt. Wo marschierten durch unsere Stadt die Anh\u00e4nger [&hellip;]<\/p>\n","protected":false},"author":1,"featured_media":0,"comment_status":"closed","ping_status":"closed","sticky":false,"template":"","format":"standard","meta":[],"categories":[1,3],"tags":[879,474,131,13,432,752,751,209],"_links":{"self":[{"href":"https:\/\/www.antifaschistische-linke.de\/index.php?rest_route=\/wp\/v2\/posts\/3658"}],"collection":[{"href":"https:\/\/www.antifaschistische-linke.de\/index.php?rest_route=\/wp\/v2\/posts"}],"about":[{"href":"https:\/\/www.antifaschistische-linke.de\/index.php?rest_route=\/wp\/v2\/types\/post"}],"author":[{"embeddable":true,"href":"https:\/\/www.antifaschistische-linke.de\/index.php?rest_route=\/wp\/v2\/users\/1"}],"replies":[{"embeddable":true,"href":"https:\/\/www.antifaschistische-linke.de\/index.php?rest_route=%2Fwp%2Fv2%2Fcomments&post=3658"}],"version-history":[{"count":0,"href":"https:\/\/www.antifaschistische-linke.de\/index.php?rest_route=\/wp\/v2\/posts\/3658\/revisions"}],"wp:attachment":[{"href":"https:\/\/www.antifaschistische-linke.de\/index.php?rest_route=%2Fwp%2Fv2%2Fmedia&parent=3658"}],"wp:term":[{"taxonomy":"category","embeddable":true,"href":"https:\/\/www.antifaschistische-linke.de\/index.php?rest_route=%2Fwp%2Fv2%2Fcategories&post=3658"},{"taxonomy":"post_tag","embeddable":true,"href":"https:\/\/www.antifaschistische-linke.de\/index.php?rest_route=%2Fwp%2Fv2%2Ftags&post=3658"}],"curies":[{"name":"wp","href":"https:\/\/api.w.org\/{rel}","templated":true}]}}