{"id":3712,"date":"2014-12-19T13:51:53","date_gmt":"2014-12-19T12:51:53","guid":{"rendered":"http:\/\/www.antifaschistische-linke.de\/?p=3712"},"modified":"2014-12-19T13:53:48","modified_gmt":"2014-12-19T12:53:48","slug":"blockupy-transnationale-aktionen-am-18-maerz-2015-gegen-die-ezb-eroeffnungsfeier-lets-take-over-the-party","status":"publish","type":"post","link":"https:\/\/www.antifaschistische-linke.de\/?p=3712","title":{"rendered":"Blockupy: Transnationale Aktionen am 18. M\u00e4rz 2015 gegen die EZB-Er\u00f6ffnungsfeier \u2013 Let\u2019s Take Over The Party!"},"content":{"rendered":"<p><strong><a href=\"http:\/\/www.antifaschistische-linke.de\/wp-content\/uploads\/b3dmwo2iuaac6nu-150x150.jpg\"><img decoding=\"async\" loading=\"lazy\" class=\"alignleft size-full wp-image-3713\" alt=\"b3dmwo2iuaac6nu-150x150\" src=\"http:\/\/www.antifaschistische-linke.de\/wp-content\/uploads\/b3dmwo2iuaac6nu-150x150.jpg\" width=\"150\" height=\"150\" \/><\/a><\/strong>Am 18. M\u00e4rz 2015 will die Europ\u00e4ische Zentralbank (EZB) in Frankfurt am Main ihr neues Hauptquartier er\u00f6ffnen. F\u00fcr den 185 Meter hohen Zwillingsturm, der mit seinem Sicherheitszaun und Burggraben einer Festung gleicht, wurde die schwindelerregende Summe von 1,3 Milliarden Euro ausgegeben. Diese einsch\u00fcchternde Architektur der Macht zeigt deutlich die Distanz zwischen den politischen und \u00f6konomischen Eliten und den Menschen.<a href=\"http:\/\/blockupy.org\/4342\/aufruf-18-maerz-2015-transnationale-aktionen-gegen-die-ezb-eroeffnungsfeier-lets-take-over-the-party\/\"> \u2192 Weiterlesen<\/a><\/p>\n<p>&nbsp;<\/p>\n","protected":false},"excerpt":{"rendered":"<p>Am 18. M\u00e4rz 2015 will die Europ\u00e4ische Zentralbank (EZB) in Frankfurt am Main ihr neues Hauptquartier er\u00f6ffnen. F\u00fcr den 185 Meter hohen Zwillingsturm, der mit seinem Sicherheitszaun und Burggraben einer Festung gleicht, wurde die schwindelerregende Summe von 1,3 Milliarden Euro ausgegeben. Diese einsch\u00fcchternde Architektur der Macht zeigt deutlich die Distanz zwischen den politischen und \u00f6konomischen [&hellip;]<\/p>\n","protected":false},"author":1,"featured_media":0,"comment_status":"closed","ping_status":"closed","sticky":false,"template":"","format":"standard","meta":[],"categories":[10,4,7],"tags":[],"_links":{"self":[{"href":"https:\/\/www.antifaschistische-linke.de\/index.php?rest_route=\/wp\/v2\/posts\/3712"}],"collection":[{"href":"https:\/\/www.antifaschistische-linke.de\/index.php?rest_route=\/wp\/v2\/posts"}],"about":[{"href":"https:\/\/www.antifaschistische-linke.de\/index.php?rest_route=\/wp\/v2\/types\/post"}],"author":[{"embeddable":true,"href":"https:\/\/www.antifaschistische-linke.de\/index.php?rest_route=\/wp\/v2\/users\/1"}],"replies":[{"embeddable":true,"href":"https:\/\/www.antifaschistische-linke.de\/index.php?rest_route=%2Fwp%2Fv2%2Fcomments&post=3712"}],"version-history":[{"count":0,"href":"https:\/\/www.antifaschistische-linke.de\/index.php?rest_route=\/wp\/v2\/posts\/3712\/revisions"}],"wp:attachment":[{"href":"https:\/\/www.antifaschistische-linke.de\/index.php?rest_route=%2Fwp%2Fv2%2Fmedia&parent=3712"}],"wp:term":[{"taxonomy":"category","embeddable":true,"href":"https:\/\/www.antifaschistische-linke.de\/index.php?rest_route=%2Fwp%2Fv2%2Fcategories&post=3712"},{"taxonomy":"post_tag","embeddable":true,"href":"https:\/\/www.antifaschistische-linke.de\/index.php?rest_route=%2Fwp%2Fv2%2Ftags&post=3712"}],"curies":[{"name":"wp","href":"https:\/\/api.w.org\/{rel}","templated":true}]}}