{"id":374,"date":"2010-03-27T21:49:27","date_gmt":"2010-03-27T19:49:27","guid":{"rendered":"http:\/\/alfr.blogsport.de\/?p=374"},"modified":"2010-03-27T21:49:27","modified_gmt":"2010-03-27T19:49:27","slug":"antifakneipe-im-april-2010","status":"publish","type":"post","link":"https:\/\/www.antifaschistische-linke.de\/?p=374","title":{"rendered":"Antifakneipe im April 2010"},"content":{"rendered":"<p><img decoding=\"async\" src=\"http:\/\/www.antifaschistische-linke.de\/Bilder\/2010-04-21-kneipe.jpg\" align=\"left\" alt=\"Kein Mensch ist illegal!\" \/>\u00dcber den &#8222;Baden-Airpark&#8220;, ein kleiner Flughafen in der N\u00e4he von Baden-Baden, wurden in den letzten zehn Jahren tausende Migranten mit polizeilicher Gewalt in ihr Herkunftsland abgeschoben. Der <a href=\"http:\/\/deportationairpark.blogsport.de\/\">&#8222;Deportation-Airpark&#8220;<\/a> ist Drehscheibe f\u00fcr Charter-Abschiebungen in die L\u00e4nder Ex-Jugoslawiens.<\/p>\n<p>Mit einer Kampagne und einem <a href=\"http:\/\/deportationairpark.blogsport.de\/unterstuetzerinnen\/\">breiten B\u00fcndnis<\/a> wird aktuell die Abscheulichkeit der bundesdeutschen und europ\u00e4ischen Migrationspolitik thematisiert und angegriffen. Der Abschiebeflughafen ist dabei neben den Ausl\u00e4nderbeh\u00f6rden mehr als nur ein Symbol.<\/p>\n<p>Am heutigen Abend stellt eine Vertreterin von <a href=\"http:\/\/www.aktionbleiberecht.de\/\">Aktion Bleiberecht<\/a> Freiburg die Kampagne gegen den &#8222;Deportation-Airpark&#8220; und die <a href=\"http:\/\/alfr.blogsport.de\/2010\/03\/26\/zentrale-demonstration-gegen-abschiebungen-am-8-mai\/\">Demo am 8. Mai 2010<\/a> in Karlsruhe vor. Dabei wird es ausreichend Gelegenheit zur Diskussion geben.<\/p>\n<p>Anschlie\u00dfend zeigen wir die 45-min\u00fctige <a href=\"http:\/\/www.3sat.de\/ard\/sendung\/91628\/index.html\">Doku &#8222;Abschiebung im Morgengrauen&#8220;<\/a> von Michael Richter aus dem Jahr 2006, die mit dem Grimmepreis ausgezeichnet wurde. Richter dokumentiert darin den allt\u00e4glichen Wahnsinn in der Hamburger Ausl\u00e4nderbeh\u00f6rde, den menschnverachtende Umgang mit Fl\u00fcchtlingen, den Zynismus der Mitarbeiter und die Perversion des gesamten Systems. Die Szenen sind beispielhaft und f\u00fchren ein Thema vor Augen, das viel zu oft unbeachtet bleibt &#8211; die fatale Situation von Fl\u00fcchtlingen in der BRD. Denn systematische Menschenrechtsverletzungen, Rassismus und Ausgrenzung sind hier nicht die Ausnahme, sondern die gewollte Regel.<\/p>\n<p><strong>Mittwoch | 21.04.2010 | 20:00 Uhr | SUSI-Caf\u00e9 Freiburg-Vauban<br \/>\n<\/strong><br \/>\n<strong>Alle auf nach Karlsruhe am 8. Mai 2010!<\/strong><\/p>\n<p><strong>Mehr Infos:<\/strong><br \/>\n<a href=\"http:\/\/www.aktionbleiberecht.de\/\">Aktion Bleiberecht Freiburg<\/a><br \/>\n<a href=\"http:\/\/deportationairpark.blogsport.de\/\">Aktuelle Kampagne gegen Abschiebungen<\/a><br \/>\n<a href=\"http:\/\/alfr.blogsport.de\/category\/antirassismus\/\">Unser Archiv &#8222;Antirassismus&#8220;<\/a><\/p>\n","protected":false},"excerpt":{"rendered":"<p>\u00dcber den &#8222;Baden-Airpark&#8220;, ein kleiner Flughafen in der N\u00e4he von Baden-Baden, wurden in den letzten zehn Jahren tausende Migranten mit polizeilicher Gewalt in ihr Herkunftsland abgeschoben. Der &#8222;Deportation-Airpark&#8220; ist Drehscheibe f\u00fcr Charter-Abschiebungen in die L\u00e4nder Ex-Jugoslawiens. Mit einer Kampagne und einem breiten B\u00fcndnis wird aktuell die Abscheulichkeit der bundesdeutschen und europ\u00e4ischen Migrationspolitik thematisiert und angegriffen. [&hellip;]<\/p>\n","protected":false},"author":1,"featured_media":0,"comment_status":"closed","ping_status":"closed","sticky":false,"template":"","format":"standard","meta":[],"categories":[1],"tags":[],"_links":{"self":[{"href":"https:\/\/www.antifaschistische-linke.de\/index.php?rest_route=\/wp\/v2\/posts\/374"}],"collection":[{"href":"https:\/\/www.antifaschistische-linke.de\/index.php?rest_route=\/wp\/v2\/posts"}],"about":[{"href":"https:\/\/www.antifaschistische-linke.de\/index.php?rest_route=\/wp\/v2\/types\/post"}],"author":[{"embeddable":true,"href":"https:\/\/www.antifaschistische-linke.de\/index.php?rest_route=\/wp\/v2\/users\/1"}],"replies":[{"embeddable":true,"href":"https:\/\/www.antifaschistische-linke.de\/index.php?rest_route=%2Fwp%2Fv2%2Fcomments&post=374"}],"version-history":[{"count":0,"href":"https:\/\/www.antifaschistische-linke.de\/index.php?rest_route=\/wp\/v2\/posts\/374\/revisions"}],"wp:attachment":[{"href":"https:\/\/www.antifaschistische-linke.de\/index.php?rest_route=%2Fwp%2Fv2%2Fmedia&parent=374"}],"wp:term":[{"taxonomy":"category","embeddable":true,"href":"https:\/\/www.antifaschistische-linke.de\/index.php?rest_route=%2Fwp%2Fv2%2Fcategories&post=374"},{"taxonomy":"post_tag","embeddable":true,"href":"https:\/\/www.antifaschistische-linke.de\/index.php?rest_route=%2Fwp%2Fv2%2Ftags&post=374"}],"curies":[{"name":"wp","href":"https:\/\/api.w.org\/{rel}","templated":true}]}}