{"id":376,"date":"2010-03-28T17:08:49","date_gmt":"2010-03-28T15:08:49","guid":{"rendered":"http:\/\/alfr.blogsport.de\/2010\/03\/28\/piusbrueder-provozieren-in-unserer-stadt\/"},"modified":"2010-03-28T17:08:49","modified_gmt":"2010-03-28T15:08:49","slug":"piusbrueder-provozieren-in-unserer-stadt","status":"publish","type":"post","link":"https:\/\/www.antifaschistische-linke.de\/?p=376","title":{"rendered":"Piusbr\u00fcder provozieren in unserer Stadt"},"content":{"rendered":"<p><img decoding=\"async\" src=\"http:\/\/www.antifaschistische-linke.de\/Bilder\/afalogoklein.png\" align=\"left\" alt=\"Piusbruderschaft wegtreten!\" \/> <em>Sonntag, 28.03.2010<\/em><br \/><strong>Freiburg.<\/strong> Am Freitag, den 26. April 2010, zogen etwa 150 christliche Fundamentalisten der sogenannten<a href=\"http:\/\/de.wikipedia.org\/wiki\/Priesterbruderschaft_St._Pius_X.\"> &#8222;Piusbruderschaft&#8220;<\/a> durch unsere Stadt. Ihr selbsternannter \u201eGe\u00adbets-\u200b und De\u00admons\u00adtra\u00adti\u00adons\u00adzug zum Schut\u00adze des Le\u00adbens\u201c richtete sich gegen Schwangerschaftsabbr\u00fcche und somit gegen das Selbstbestimmungsrecht der Frau. Dagegen <a href=\"http:\/\/piusentgegentreten.blogsport.de\/\">machten<\/a> 100 Linke <a href=\"http:\/\/alfr.blogsport.de\/2010\/03\/25\/piusbruderschaft-will-durch-freiburg-ziehen\/\">mobil<\/a> und begleiteten den klerikalen Aufzug mit Hohn und Spott der Extraklasse. Den Gipfel der Provokation erreichte das ekelhafte Schmierentheater, als die antisemitische Schweinebande ihre Abschlusskundgebung ausgerechnet auf dem Platz der Alten Synagoge durchf\u00fchrte &#8211; 20 Meter entfernt vom Mahnmal f\u00fcr die deportierten Freiburger Juden nach <a href=\"http:\/\/de.wikipedia.org\/wiki\/Camp_de_Gurs\">Gurs<\/a>. Infolge der Emp\u00f6rung und Rangeleien wurden drei Gegendemonstranten in Gewahrsam genommen. Wir verurteilen die Genehmigung und fehlende Empathie der Freiburger Beh\u00f6rden, der Piusbruderschaft den Platz der Alten Synagoge f\u00fcr ihre Abschlusskundgebung zur Verf\u00fcgung gestellt zu haben. Antisemiten zur H\u00f6lle!<br \/>Berichte: <a href=\"http:\/\/www.badische-zeitung.de\/piusbrueder-demonstrieren-in-der-innenstadt\">BZ<\/a> | <a href=\"http:\/\/linksunten.indymedia.org\/de\/node\/18429\">Linksunten<\/a><\/p>\n","protected":false},"excerpt":{"rendered":"<p>Sonntag, 28.03.2010Freiburg. Am Freitag, den 26. April 2010, zogen etwa 150 christliche Fundamentalisten der sogenannten &#8222;Piusbruderschaft&#8220; durch unsere Stadt. Ihr selbsternannter \u201eGe\u00adbets-\u200b und De\u00admons\u00adtra\u00adti\u00adons\u00adzug zum Schut\u00adze des Le\u00adbens\u201c richtete sich gegen Schwangerschaftsabbr\u00fcche und somit gegen das Selbstbestimmungsrecht der Frau. Dagegen machten 100 Linke mobil und begleiteten den klerikalen Aufzug mit Hohn und Spott der Extraklasse. [&hellip;]<\/p>\n","protected":false},"author":1,"featured_media":0,"comment_status":"closed","ping_status":"closed","sticky":false,"template":"","format":"standard","meta":[],"categories":[1],"tags":[],"_links":{"self":[{"href":"https:\/\/www.antifaschistische-linke.de\/index.php?rest_route=\/wp\/v2\/posts\/376"}],"collection":[{"href":"https:\/\/www.antifaschistische-linke.de\/index.php?rest_route=\/wp\/v2\/posts"}],"about":[{"href":"https:\/\/www.antifaschistische-linke.de\/index.php?rest_route=\/wp\/v2\/types\/post"}],"author":[{"embeddable":true,"href":"https:\/\/www.antifaschistische-linke.de\/index.php?rest_route=\/wp\/v2\/users\/1"}],"replies":[{"embeddable":true,"href":"https:\/\/www.antifaschistische-linke.de\/index.php?rest_route=%2Fwp%2Fv2%2Fcomments&post=376"}],"version-history":[{"count":0,"href":"https:\/\/www.antifaschistische-linke.de\/index.php?rest_route=\/wp\/v2\/posts\/376\/revisions"}],"wp:attachment":[{"href":"https:\/\/www.antifaschistische-linke.de\/index.php?rest_route=%2Fwp%2Fv2%2Fmedia&parent=376"}],"wp:term":[{"taxonomy":"category","embeddable":true,"href":"https:\/\/www.antifaschistische-linke.de\/index.php?rest_route=%2Fwp%2Fv2%2Fcategories&post=376"},{"taxonomy":"post_tag","embeddable":true,"href":"https:\/\/www.antifaschistische-linke.de\/index.php?rest_route=%2Fwp%2Fv2%2Ftags&post=376"}],"curies":[{"name":"wp","href":"https:\/\/api.w.org\/{rel}","templated":true}]}}