{"id":3760,"date":"2015-01-28T17:45:29","date_gmt":"2015-01-28T16:45:29","guid":{"rendered":"http:\/\/www.antifaschistische-linke.de\/?p=3760"},"modified":"2015-02-05T02:55:00","modified_gmt":"2015-02-05T01:55:00","slug":"buchvorstellung-mit-bernd-langer-geschichte-der-antifaschistischen-aktion","status":"publish","type":"post","link":"https:\/\/www.antifaschistische-linke.de\/?p=3760","title":{"rendered":"Buchvorstellung mit Bernd Langer: Geschichte der Antifaschistischen Aktion"},"content":{"rendered":"<p><strong>Lesung mit Bernd Langer: <\/strong><strong>Antifaschistische Aktion &#8211; Geschichte einer linksradikalen Bewegung<\/strong><\/p>\n<p><strong>Donnerstag, 05.02.2015, 20:00 Uhr<\/strong><br \/>\n<a href=\"http:\/\/www.liz-freiburg.org\/\"><strong>Linkes Zentrum adelante<\/strong><\/a>, Gl\u00fcmerstra\u00dfe 2, 79102 Freiburg im Breisgau<br \/>\nEintritt frei<\/p>\n<p><a href=\"http:\/\/www.antifaschistische-linke.de\/wp-content\/uploads\/Flyer_AABuch_A6_Freiburg._web-page-001.jpg\"><img decoding=\"async\" loading=\"lazy\" class=\"alignleft  wp-image-3778\" src=\"http:\/\/www.antifaschistische-linke.de\/wp-content\/uploads\/Flyer_AABuch_A6_Freiburg._web-page-001.jpg\" alt=\"Flyer_AABuch_A6_Freiburg._web-page-001\" width=\"256\" height=\"361\" \/><\/a><a href=\"https:\/\/de.wikipedia.org\/wiki\/Bernd_Langer\">Bernd Langer<\/a> aus Berlin, langj\u00e4hriger Antifa-Aktivist (<a href=\"https:\/\/de.wikipedia.org\/wiki\/Autonome_Antifa_%28M%29\">Autonome Antifa [M]<\/a>, Initiative <a href=\"http:\/\/www.kunst-und-kampf.de\/Aktuell.html\">Kunst und Kampf<\/a>), Historiker und K\u00fcnstler, stellt heute sein neues Buch bei uns in Freiburg vor.<\/p>\n<p>Heute sind die Doppelfahnen der \u00bbAntifaschistischen Aktion\u00ab das am h\u00e4ufigsten genutzte Symbol der linken Szene. Auch unter \u00bbAntifa\u00ab kann sich wohl jeder etwas vorstellen. Schwarzer Block gleich Antifa; so vermitteln es zumindest die Medien in falscher Verk\u00fcrzung. Denn die Geschichte dieser Bewegung reicht weit zur\u00fcck und ist keineswegs auf Militanz zu reduzieren.<\/p>\n<p>Antifaschismus wurde in Deutschland Anfang der 1920er Jahre als polemischer Kampfbegriff durch die <a href=\"https:\/\/de.wikipedia.org\/wiki\/Kommunistische_Partei_Deutschlands\">KPD<\/a> eingef\u00fchrt. Verstanden wurde darunter Antikapitalismus. Erst Anfang der 1930er Jahre r\u00fcckte der Kampf gegen die Nationalsozialisten mehr und mehr in den Fokus. 1932 m\u00fcndete diese Entwicklung in der Gr\u00fcndung der Antifaschistischen Aktion.<\/p>\n<p>In der BRD griffen kommunistische Gruppen in den 1970er Jahren das Emblem wieder auf. Sp\u00e4ter, von Autonomen \u00fcbernommen und neu gestaltet, wurde es zum Zeichen der heutigen Antifa. Undogmatisch, radikal und systemkritisch ist Antifaschismus also von jeher viel mehr als nur ein Kampf gegen Nazis.<\/p>\n<p>Dieses Buch liefert den ersten umfassenden \u00dcberblick \u00fcber die Entwicklung der Antifa. Ein Grundlagenwerk f\u00fcr Aktivisten und all diejenigen, die erfahren wollen, in welcher Tradition Antifaschismus in Deutschland steht.<\/p>\n<p>Die Veranstaltung wird organisiert von der Antifaschistischen Linken Freiburg. Wir freuen uns, Bernd bereits das sechste Mal bei uns begr\u00fc\u00dfen zu k\u00f6nnen.<\/p>\n","protected":false},"excerpt":{"rendered":"<p>Lesung mit Bernd Langer: Antifaschistische Aktion &#8211; Geschichte einer linksradikalen Bewegung Donnerstag, 05.02.2015, 20:00 Uhr Linkes Zentrum adelante, Gl\u00fcmerstra\u00dfe 2, 79102 Freiburg im Breisgau Eintritt frei Bernd Langer aus Berlin, langj\u00e4hriger Antifa-Aktivist (Autonome Antifa [M], Initiative Kunst und Kampf), Historiker und K\u00fcnstler, stellt heute sein neues Buch bei uns in Freiburg vor. Heute sind die [&hellip;]<\/p>\n","protected":false},"author":1,"featured_media":0,"comment_status":"closed","ping_status":"closed","sticky":false,"template":"","format":"standard","meta":[],"categories":[1,7,11],"tags":[766,86,879,767,510,13,247,58],"_links":{"self":[{"href":"https:\/\/www.antifaschistische-linke.de\/index.php?rest_route=\/wp\/v2\/posts\/3760"}],"collection":[{"href":"https:\/\/www.antifaschistische-linke.de\/index.php?rest_route=\/wp\/v2\/posts"}],"about":[{"href":"https:\/\/www.antifaschistische-linke.de\/index.php?rest_route=\/wp\/v2\/types\/post"}],"author":[{"embeddable":true,"href":"https:\/\/www.antifaschistische-linke.de\/index.php?rest_route=\/wp\/v2\/users\/1"}],"replies":[{"embeddable":true,"href":"https:\/\/www.antifaschistische-linke.de\/index.php?rest_route=%2Fwp%2Fv2%2Fcomments&post=3760"}],"version-history":[{"count":0,"href":"https:\/\/www.antifaschistische-linke.de\/index.php?rest_route=\/wp\/v2\/posts\/3760\/revisions"}],"wp:attachment":[{"href":"https:\/\/www.antifaschistische-linke.de\/index.php?rest_route=%2Fwp%2Fv2%2Fmedia&parent=3760"}],"wp:term":[{"taxonomy":"category","embeddable":true,"href":"https:\/\/www.antifaschistische-linke.de\/index.php?rest_route=%2Fwp%2Fv2%2Fcategories&post=3760"},{"taxonomy":"post_tag","embeddable":true,"href":"https:\/\/www.antifaschistische-linke.de\/index.php?rest_route=%2Fwp%2Fv2%2Ftags&post=3760"}],"curies":[{"name":"wp","href":"https:\/\/api.w.org\/{rel}","templated":true}]}}