{"id":377,"date":"2010-03-28T22:17:11","date_gmt":"2010-03-28T20:17:11","guid":{"rendered":"http:\/\/alfr.blogsport.de\/2010\/03\/28\/fascho-konzert-in-muehlacker-geplant\/"},"modified":"2010-03-28T22:17:11","modified_gmt":"2010-03-28T20:17:11","slug":"fascho-konzert-in-muehlacker-geplant","status":"publish","type":"post","link":"https:\/\/www.antifaschistische-linke.de\/?p=377","title":{"rendered":"Fascho-Konzert in M\u00fchlacker geplant"},"content":{"rendered":"<p><img decoding=\"async\" src=\"http:\/\/www.antifaschistische-linke.de\/Bilder\/afalogoklein.png\" align=\"left\" alt=\"Piusbruderschaft wegtreten!\" \/> <em>Sonntag, 28.03.2010<\/em><br \/><strong>M\u00fchlacker.<\/strong> Die faschistische Kameradschaft Stallhaus Germania plant anl\u00e4sslich ihres zehnj\u00e4hrigen Bestehens am Samstag, 22. Mai 2010 ein Freiluftkonzert auf einem Grundst\u00fcck in M\u00fchlacker im Enzkreis. Zusagen gibt es bisher von den Fascho-Gruppen Angry Boot Boys, Devil\u2019s Project und Faustrecht. Letztere ist dem in der BRD verbotenen <a href=\"http:\/\/de.wikipedia.org\/wiki\/Blood_and_Honour\">Blood and Honour<\/a>-Netzwerk zuzurechnen. Auf <a href=\"http:\/\/linksunten.indymedia.org\/de\">Indymedia Linksunten<\/a> wurde ein <a href=\"http:\/\/linksunten.indymedia.org\/de\/node\/17846\">Artikel<\/a> mit Informationen \u00fcber die Hinterm\u00e4nner und angek\u00fcndigten Gruppen des Konzertes ver\u00f6ffentlicht.<\/p>\n","protected":false},"excerpt":{"rendered":"<p>Sonntag, 28.03.2010M\u00fchlacker. Die faschistische Kameradschaft Stallhaus Germania plant anl\u00e4sslich ihres zehnj\u00e4hrigen Bestehens am Samstag, 22. Mai 2010 ein Freiluftkonzert auf einem Grundst\u00fcck in M\u00fchlacker im Enzkreis. Zusagen gibt es bisher von den Fascho-Gruppen Angry Boot Boys, Devil\u2019s Project und Faustrecht. Letztere ist dem in der BRD verbotenen Blood and Honour-Netzwerk zuzurechnen. Auf Indymedia Linksunten wurde [&hellip;]<\/p>\n","protected":false},"author":1,"featured_media":0,"comment_status":"closed","ping_status":"closed","sticky":false,"template":"","format":"standard","meta":[],"categories":[1],"tags":[],"_links":{"self":[{"href":"https:\/\/www.antifaschistische-linke.de\/index.php?rest_route=\/wp\/v2\/posts\/377"}],"collection":[{"href":"https:\/\/www.antifaschistische-linke.de\/index.php?rest_route=\/wp\/v2\/posts"}],"about":[{"href":"https:\/\/www.antifaschistische-linke.de\/index.php?rest_route=\/wp\/v2\/types\/post"}],"author":[{"embeddable":true,"href":"https:\/\/www.antifaschistische-linke.de\/index.php?rest_route=\/wp\/v2\/users\/1"}],"replies":[{"embeddable":true,"href":"https:\/\/www.antifaschistische-linke.de\/index.php?rest_route=%2Fwp%2Fv2%2Fcomments&post=377"}],"version-history":[{"count":0,"href":"https:\/\/www.antifaschistische-linke.de\/index.php?rest_route=\/wp\/v2\/posts\/377\/revisions"}],"wp:attachment":[{"href":"https:\/\/www.antifaschistische-linke.de\/index.php?rest_route=%2Fwp%2Fv2%2Fmedia&parent=377"}],"wp:term":[{"taxonomy":"category","embeddable":true,"href":"https:\/\/www.antifaschistische-linke.de\/index.php?rest_route=%2Fwp%2Fv2%2Fcategories&post=377"},{"taxonomy":"post_tag","embeddable":true,"href":"https:\/\/www.antifaschistische-linke.de\/index.php?rest_route=%2Fwp%2Fv2%2Ftags&post=377"}],"curies":[{"name":"wp","href":"https:\/\/api.w.org\/{rel}","templated":true}]}}